{"id":6541,"date":"2019-01-21T09:53:50","date_gmt":"2019-01-21T08:53:50","guid":{"rendered":"http:\/\/agora.xtec.cat\/iesacumella\/?p=6541"},"modified":"2019-01-21T09:54:11","modified_gmt":"2019-01-21T08:54:11","slug":"tools","status":"publish","type":"post","link":"https:\/\/agora.xtec.cat\/iesacumella\/portada\/general\/tools\/","title":{"rendered":"Tools"},"content":{"rendered":"<p>Tornant de vacances, els alumnes de 1r ESO A i B omplen les parets del taller de Tecnologia i del passad\u00eds del soterrani amb mostres de coneixement sobre les eines i el proc\u00e9s tecnol\u00f2gic. Un treball on hem treballat la creativitat i l&#8217;angl\u00e8s!<\/p>\n<p><a href=\"https:\/\/agora.xtec.cat\/iesacumella\/wp-content\/uploads\/usu1642\/2019\/01\/20190111_100327.jpg\"><img loading=\"lazy\" decoding=\"async\" class=\"alignnone size-large wp-image-6542\" src=\"https:\/\/agora.xtec.cat\/iesacumella\/wp-content\/uploads\/usu1642\/2019\/01\/20190111_100327-1024x718.jpg\" alt=\"\" width=\"1024\" height=\"718\" srcset=\"https:\/\/agora.xtec.cat\/iesacumella\/wp-content\/uploads\/usu1642\/2019\/01\/20190111_100327-1024x718.jpg 1024w, https:\/\/agora.xtec.cat\/iesacumella\/wp-content\/uploads\/usu1642\/2019\/01\/20190111_100327-300x210.jpg 300w, https:\/\/agora.xtec.cat\/iesacumella\/wp-content\/uploads\/usu1642\/2019\/01\/20190111_100327-768x538.jpg 768w, https:\/\/agora.xtec.cat\/iesacumella\/wp-content\/uploads\/usu1642\/2019\/01\/20190111_100327.jpg 1701w\" sizes=\"auto, (max-width: 1024px) 100vw, 1024px\" \/><\/a> <a href=\"https:\/\/agora.xtec.cat\/iesacumella\/wp-content\/uploads\/usu1642\/2019\/01\/20190111_100337.jpg\"><img loading=\"lazy\" decoding=\"async\" class=\"alignnone size-large wp-image-6543\" src=\"https:\/\/agora.xtec.cat\/iesacumella\/wp-content\/uploads\/usu1642\/2019\/01\/20190111_100337-1024x696.jpg\" alt=\"\" width=\"1024\" height=\"696\" srcset=\"https:\/\/agora.xtec.cat\/iesacumella\/wp-content\/uploads\/usu1642\/2019\/01\/20190111_100337-1024x696.jpg 1024w, https:\/\/agora.xtec.cat\/iesacumella\/wp-content\/uploads\/usu1642\/2019\/01\/20190111_100337-300x204.jpg 300w, https:\/\/agora.xtec.cat\/iesacumella\/wp-content\/uploads\/usu1642\/2019\/01\/20190111_100337-768x522.jpg 768w\" sizes=\"auto, (max-width: 1024px) 100vw, 1024px\" \/><\/a><\/p>\n<p>&nbsp;<\/p>\n","protected":false},"excerpt":{"rendered":"<p>Tornant de vacances, els alumnes de 1r ESO A i B omplen les parets del taller de Tecnologia i del passad\u00eds del soterrani amb mostres de coneixement sobre les eines i el proc\u00e9s tecnol\u00f2gic. Un treball on hem treballat la creativitat i l&#8217;angl\u00e8s!<br \/>\n<a href=\"https:\/\/agora.xtec.cat\/iesacumella\/wp-content\/uploads\/usu1642\/2019\/01\/20190111_100327.jpg\"><\/a> <a&hellip;  <a href=\"https:\/\/agora.xtec.cat\/iesacumella\/portada\/general\/tools\/\" title=\"Read Tools\">Llegeix m\u00e9s\u00bb<\/a><\/p>\n","protected":false},"author":16,"featured_media":6542,"comment_status":"closed","ping_status":"closed","sticky":false,"template":"","format":"standard","meta":{"_bbp_topic_count":0,"_bbp_reply_count":0,"_bbp_total_topic_count":0,"_bbp_total_reply_count":0,"_bbp_voice_count":0,"_bbp_anonymous_reply_count":0,"_bbp_topic_count_hidden":0,"_bbp_reply_count_hidden":0,"_bbp_forum_subforum_count":0,"footnotes":""},"categories":[125,3,1,122],"tags":[],"class_list":["post-6541","post","type-post","status-publish","format-standard","has-post-thumbnail","hentry","category-1r-eso","category-eso","category-general","category-tecnologia"],"post_mailing_queue_ids":[],"_links":{"self":[{"href":"https:\/\/agora.xtec.cat\/iesacumella\/wp-json\/wp\/v2\/posts\/6541","targetHints":{"allow":["GET"]}}],"collection":[{"href":"https:\/\/agora.xtec.cat\/iesacumella\/wp-json\/wp\/v2\/posts"}],"about":[{"href":"https:\/\/agora.xtec.cat\/iesacumella\/wp-json\/wp\/v2\/types\/post"}],"author":[{"embeddable":true,"href":"https:\/\/agora.xtec.cat\/iesacumella\/wp-json\/wp\/v2\/users\/16"}],"replies":[{"embeddable":true,"href":"https:\/\/agora.xtec.cat\/iesacumella\/wp-json\/wp\/v2\/comments?post=6541"}],"version-history":[{"count":1,"href":"https:\/\/agora.xtec.cat\/iesacumella\/wp-json\/wp\/v2\/posts\/6541\/revisions"}],"predecessor-version":[{"id":6544,"href":"https:\/\/agora.xtec.cat\/iesacumella\/wp-json\/wp\/v2\/posts\/6541\/revisions\/6544"}],"wp:featuredmedia":[{"embeddable":true,"href":"https:\/\/agora.xtec.cat\/iesacumella\/wp-json\/wp\/v2\/media\/6542"}],"wp:attachment":[{"href":"https:\/\/agora.xtec.cat\/iesacumella\/wp-json\/wp\/v2\/media?parent=6541"}],"wp:term":[{"taxonomy":"category","embeddable":true,"href":"https:\/\/agora.xtec.cat\/iesacumella\/wp-json\/wp\/v2\/categories?post=6541"},{"taxonomy":"post_tag","embeddable":true,"href":"https:\/\/agora.xtec.cat\/iesacumella\/wp-json\/wp\/v2\/tags?post=6541"}],"curies":[{"name":"wp","href":"https:\/\/api.w.org\/{rel}","templated":true}]}}