{"id":6537,"date":"2019-01-21T09:40:07","date_gmt":"2019-01-21T08:40:07","guid":{"rendered":"http:\/\/agora.xtec.cat\/iesacumella\/?p=6537"},"modified":"2019-01-21T09:40:48","modified_gmt":"2019-01-21T08:40:48","slug":"postals-de-frances","status":"publish","type":"post","link":"https:\/\/agora.xtec.cat\/iesacumella\/portada\/estudis\/eso\/postals-de-frances\/","title":{"rendered":"Postals de franc\u00e8s"},"content":{"rendered":"<p dir=\"ltr\">Durant el mes de desembre, els alumnes de 1er d\u2019ESO de franc\u00e8s, han participat en un projecte d\u2019intercanvi de postals de Nadal amb l\u2019institut Voltaire de Saint-Florent-sur-Cher.\u00a0 Es tracta d\u2019un projecte que t\u00e9 per objectiu impulsar el coneixement de la llengua i cultura francesa fora de l\u2019aula. Per a tal efecte, cadascun dels alumnes ha adre\u00e7at una postal a un altre alumne franc\u00e8s tot presentant-se i incloent-hi un missatge de felicitaci\u00f3 de Nadal. Gr\u00e0cies a aquest intercanvi els alumnes han pogut aprendre d\u2019una manera molt m\u00e9s motivadora i significativa.<\/p>\n<div class=\"yj6qo\">\u00a0<a href=\"https:\/\/agora.xtec.cat\/iesacumella\/wp-content\/uploads\/usu1642\/2019\/01\/Foto-2-postals.jpg\"><img loading=\"lazy\" decoding=\"async\" class=\"alignnone size-large wp-image-6538\" src=\"https:\/\/agora.xtec.cat\/iesacumella\/wp-content\/uploads\/usu1642\/2019\/01\/Foto-2-postals-1024x768.jpg\" alt=\"\" width=\"1024\" height=\"768\" srcset=\"https:\/\/agora.xtec.cat\/iesacumella\/wp-content\/uploads\/usu1642\/2019\/01\/Foto-2-postals-1024x768.jpg 1024w, https:\/\/agora.xtec.cat\/iesacumella\/wp-content\/uploads\/usu1642\/2019\/01\/Foto-2-postals-300x225.jpg 300w, https:\/\/agora.xtec.cat\/iesacumella\/wp-content\/uploads\/usu1642\/2019\/01\/Foto-2-postals-768x576.jpg 768w, https:\/\/agora.xtec.cat\/iesacumella\/wp-content\/uploads\/usu1642\/2019\/01\/Foto-2-postals-200x150.jpg 200w\" sizes=\"auto, (max-width: 1024px) 100vw, 1024px\" \/><\/a> <a href=\"https:\/\/agora.xtec.cat\/iesacumella\/wp-content\/uploads\/usu1642\/2019\/01\/foto-1-postals.jpg\"><img loading=\"lazy\" decoding=\"async\" class=\"alignnone size-large wp-image-6539\" src=\"https:\/\/agora.xtec.cat\/iesacumella\/wp-content\/uploads\/usu1642\/2019\/01\/foto-1-postals-1024x768.jpg\" alt=\"\" width=\"1024\" height=\"768\" srcset=\"https:\/\/agora.xtec.cat\/iesacumella\/wp-content\/uploads\/usu1642\/2019\/01\/foto-1-postals-1024x768.jpg 1024w, https:\/\/agora.xtec.cat\/iesacumella\/wp-content\/uploads\/usu1642\/2019\/01\/foto-1-postals-300x225.jpg 300w, https:\/\/agora.xtec.cat\/iesacumella\/wp-content\/uploads\/usu1642\/2019\/01\/foto-1-postals-768x576.jpg 768w, https:\/\/agora.xtec.cat\/iesacumella\/wp-content\/uploads\/usu1642\/2019\/01\/foto-1-postals-200x150.jpg 200w, https:\/\/agora.xtec.cat\/iesacumella\/wp-content\/uploads\/usu1642\/2019\/01\/foto-1-postals.jpg 1701w\" sizes=\"auto, (max-width: 1024px) 100vw, 1024px\" \/><\/a><\/div>\n","protected":false},"excerpt":{"rendered":"<p>Durant el mes de desembre, els alumnes de 1er d\u2019ESO de franc\u00e8s, han participat en un projecte d\u2019intercanvi de postals de Nadal amb l\u2019institut Voltaire de Saint-Florent-sur-Cher.\u00a0 Es tracta d\u2019un projecte que t\u00e9 per objectiu impulsar el coneixement de la llengua i cultura francesa fora&hellip;  <a href=\"https:\/\/agora.xtec.cat\/iesacumella\/portada\/estudis\/eso\/postals-de-frances\/\" title=\"Read Postals de franc\u00e8s\">Llegeix m\u00e9s\u00bb<\/a><\/p>\n","protected":false},"author":16,"featured_media":6539,"comment_status":"closed","ping_status":"closed","sticky":false,"template":"","format":"standard","meta":{"_bbp_topic_count":0,"_bbp_reply_count":0,"_bbp_total_topic_count":0,"_bbp_total_reply_count":0,"_bbp_voice_count":0,"_bbp_anonymous_reply_count":0,"_bbp_topic_count_hidden":0,"_bbp_reply_count_hidden":0,"_bbp_forum_subforum_count":0,"footnotes":""},"categories":[125,3,113,29],"tags":[],"class_list":["post-6537","post","type-post","status-publish","format-standard","has-post-thumbnail","hentry","category-1r-eso","category-eso","category-llengues-estrangeres","category-portada"],"post_mailing_queue_ids":[],"_links":{"self":[{"href":"https:\/\/agora.xtec.cat\/iesacumella\/wp-json\/wp\/v2\/posts\/6537","targetHints":{"allow":["GET"]}}],"collection":[{"href":"https:\/\/agora.xtec.cat\/iesacumella\/wp-json\/wp\/v2\/posts"}],"about":[{"href":"https:\/\/agora.xtec.cat\/iesacumella\/wp-json\/wp\/v2\/types\/post"}],"author":[{"embeddable":true,"href":"https:\/\/agora.xtec.cat\/iesacumella\/wp-json\/wp\/v2\/users\/16"}],"replies":[{"embeddable":true,"href":"https:\/\/agora.xtec.cat\/iesacumella\/wp-json\/wp\/v2\/comments?post=6537"}],"version-history":[{"count":1,"href":"https:\/\/agora.xtec.cat\/iesacumella\/wp-json\/wp\/v2\/posts\/6537\/revisions"}],"predecessor-version":[{"id":6540,"href":"https:\/\/agora.xtec.cat\/iesacumella\/wp-json\/wp\/v2\/posts\/6537\/revisions\/6540"}],"wp:featuredmedia":[{"embeddable":true,"href":"https:\/\/agora.xtec.cat\/iesacumella\/wp-json\/wp\/v2\/media\/6539"}],"wp:attachment":[{"href":"https:\/\/agora.xtec.cat\/iesacumella\/wp-json\/wp\/v2\/media?parent=6537"}],"wp:term":[{"taxonomy":"category","embeddable":true,"href":"https:\/\/agora.xtec.cat\/iesacumella\/wp-json\/wp\/v2\/categories?post=6537"},{"taxonomy":"post_tag","embeddable":true,"href":"https:\/\/agora.xtec.cat\/iesacumella\/wp-json\/wp\/v2\/tags?post=6537"}],"curies":[{"name":"wp","href":"https:\/\/api.w.org\/{rel}","templated":true}]}}