{"id":6514,"date":"2019-01-21T08:15:52","date_gmt":"2019-01-21T07:15:52","guid":{"rendered":"http:\/\/agora.xtec.cat\/iesacumella\/?p=6514"},"modified":"2019-01-21T08:48:20","modified_gmt":"2019-01-21T07:48:20","slug":"whats-up-com-vas-de-salut-mental","status":"publish","type":"post","link":"https:\/\/agora.xtec.cat\/iesacumella\/portada\/general\/whats-up-com-vas-de-salut-mental\/","title":{"rendered":"What&#8217;s Up! Com vas de salut mental?"},"content":{"rendered":"<div id=\":lh\" class=\"ii gt\">\n<div id=\":lg\" class=\"a3s aXjCH \">\n<div dir=\"ltr\">\n<div>El dia 10 de gener l\u00b4alumnat de 3r d\u00b4ESO va tenir la primera xerrada testimonial de l\u00b4entitat\u00a0<i><b>Activament,\u00a0<\/b>Col\u00b7lectiu Actiu de Persones amb l\u00b4Experi\u00e8ncia del Transtorn Mental.<\/i><\/div>\n<div>Aquesta activitat<i>,\u00a0<\/i>les properes seran els dies 24 i 31 de gener, es va produir perqu\u00e8 el Cumella participa en el Projecte<i>\u00a0&#8220;<b>What&#8217;s Up! Com vas de salut mental?<\/b>\u00a0<\/i>organitzat per l\u00b4associaci\u00f3<i>\u00a0<b>Obertament<\/b>\u00a0<\/i>que lluita contra l\u00b4estigma en salut mental i vol evitar la discriminaci\u00f3 a qu\u00e8 es veuen sotmeses persones que pateixen o han patit algun problema de salut mental.<i><br \/>\n<\/i><\/div>\n<div>Per explicar el seu testimoni van venir la Marta, el Jordi i la Susanna. El Jordi va fer una introducci\u00f3 sobre a qu\u00e8 ens referim quan parlem de salut mental i va comentar la seva experi\u00e8ncia personal. Despr\u00e9s la Marta va explicar, de manera pausada i molt entenedora, la seva traject\u00f2ria abans, durant i despr\u00e9s de la seva viv\u00e8ncia.\u00a0<i><br \/>\n<\/i><\/div>\n<p>Posteriorment l\u00b4alumnat els van fer preguntes que havien preparat abans a partir del projecte\u00a0<b><i>&#8220;What\u00b4s Up!<\/i>\u00a0<\/b>&#8220;. La xerrada va ser molt interessant i els va permetre con\u00e8ixer de primera m\u00e0 el testimoni de persones que han patit una malaltia mental. El missatge que van transmetre tots tres va ser positiu, esperen\u00e7ador i ens van deixar clar que les malalties mentals amb ajuda, sense prejudicis i estigmatitzaci\u00f3 es poden superar<i>\u00a0<\/i>i conviure amb elles<a href=\"https:\/\/obertament.org\/es\/educacion\/por-que-educacion\"><img loading=\"lazy\" decoding=\"async\" class=\"alignnone wp-image-6533\" src=\"https:\/\/agora.xtec.cat\/iesacumella\/wp-content\/uploads\/usu1642\/2019\/01\/Jku5nGgm.jpeg\" alt=\"\" width=\"677\" height=\"677\" srcset=\"https:\/\/agora.xtec.cat\/iesacumella\/wp-content\/uploads\/usu1642\/2019\/01\/Jku5nGgm.jpeg 500w, https:\/\/agora.xtec.cat\/iesacumella\/wp-content\/uploads\/usu1642\/2019\/01\/Jku5nGgm-150x150.jpeg 150w, https:\/\/agora.xtec.cat\/iesacumella\/wp-content\/uploads\/usu1642\/2019\/01\/Jku5nGgm-300x300.jpeg 300w\" sizes=\"auto, (max-width: 677px) 100vw, 677px\" \/><\/a><i><br \/>\n<\/i><\/p>\n<p>&nbsp;<\/p>\n<p>&nbsp;<\/p>\n<p>&nbsp;<\/p>\n<p>&nbsp;<\/p>\n<\/div>\n<div class=\"yj6qo\"><\/div>\n<div class=\"adL\"><\/div>\n<\/div>\n<\/div>\n<div id=\":og\" class=\"hq gt\"><\/div>\n","protected":false},"excerpt":{"rendered":"<p>El dia 10 de gener l\u00b4alumnat de 3r d\u00b4ESO va tenir la primera xerrada testimonial de l\u00b4entitat\u00a0Activament,\u00a0Col\u00b7lectiu Actiu de Persones amb l\u00b4Experi\u00e8ncia del Transtorn Mental.<br \/>\nAquesta activitat,\u00a0les properes seran els dies 24 i 31 de gener, es va produir perqu\u00e8 el Cumella participa en el Projecte\u00a0&#8220;What&#8217;s&hellip;  <a href=\"https:\/\/agora.xtec.cat\/iesacumella\/portada\/general\/whats-up-com-vas-de-salut-mental\/\" title=\"Read What&#8217;s Up! Com vas de salut mental?\">Llegeix m\u00e9s\u00bb<\/a><\/p>\n","protected":false},"author":16,"featured_media":6535,"comment_status":"closed","ping_status":"closed","sticky":false,"template":"","format":"standard","meta":{"_bbp_topic_count":0,"_bbp_reply_count":0,"_bbp_total_topic_count":0,"_bbp_total_reply_count":0,"_bbp_voice_count":0,"_bbp_anonymous_reply_count":0,"_bbp_topic_count_hidden":0,"_bbp_reply_count_hidden":0,"_bbp_forum_subforum_count":0,"footnotes":""},"categories":[127,3,1,29],"tags":[],"class_list":["post-6514","post","type-post","status-publish","format-standard","has-post-thumbnail","hentry","category-3r-eso","category-eso","category-general","category-portada"],"post_mailing_queue_ids":[],"_links":{"self":[{"href":"https:\/\/agora.xtec.cat\/iesacumella\/wp-json\/wp\/v2\/posts\/6514","targetHints":{"allow":["GET"]}}],"collection":[{"href":"https:\/\/agora.xtec.cat\/iesacumella\/wp-json\/wp\/v2\/posts"}],"about":[{"href":"https:\/\/agora.xtec.cat\/iesacumella\/wp-json\/wp\/v2\/types\/post"}],"author":[{"embeddable":true,"href":"https:\/\/agora.xtec.cat\/iesacumella\/wp-json\/wp\/v2\/users\/16"}],"replies":[{"embeddable":true,"href":"https:\/\/agora.xtec.cat\/iesacumella\/wp-json\/wp\/v2\/comments?post=6514"}],"version-history":[{"count":3,"href":"https:\/\/agora.xtec.cat\/iesacumella\/wp-json\/wp\/v2\/posts\/6514\/revisions"}],"predecessor-version":[{"id":6536,"href":"https:\/\/agora.xtec.cat\/iesacumella\/wp-json\/wp\/v2\/posts\/6514\/revisions\/6536"}],"wp:featuredmedia":[{"embeddable":true,"href":"https:\/\/agora.xtec.cat\/iesacumella\/wp-json\/wp\/v2\/media\/6535"}],"wp:attachment":[{"href":"https:\/\/agora.xtec.cat\/iesacumella\/wp-json\/wp\/v2\/media?parent=6514"}],"wp:term":[{"taxonomy":"category","embeddable":true,"href":"https:\/\/agora.xtec.cat\/iesacumella\/wp-json\/wp\/v2\/categories?post=6514"},{"taxonomy":"post_tag","embeddable":true,"href":"https:\/\/agora.xtec.cat\/iesacumella\/wp-json\/wp\/v2\/tags?post=6514"}],"curies":[{"name":"wp","href":"https:\/\/api.w.org\/{rel}","templated":true}]}}