{"id":6496,"date":"2018-12-18T18:27:39","date_gmt":"2018-12-18T17:27:39","guid":{"rendered":"http:\/\/agora.xtec.cat\/iesacumella\/?p=6496"},"modified":"2018-12-18T18:41:09","modified_gmt":"2018-12-18T17:41:09","slug":"acrostic-poems","status":"publish","type":"post","link":"https:\/\/agora.xtec.cat\/iesacumella\/portada\/estudis\/eso\/acrostic-poems\/","title":{"rendered":"Acrostic poems"},"content":{"rendered":"<p>En aquesta setmana pr\u00e8via a les vacances nadalenques des de les classes d\u2019angl\u00e8s a 3r hem estat treballant la composici\u00f3 dels \u201cAcrostic poems\u201d. Hem apr\u00e8s a fer petites composicions po\u00e8tiques amb el vocabulari propi del Nadal. Despr\u00e9s hem fet un petit muntatge al passad\u00eds de les classes de 3r.<br \/>\nMerry Christmas!<\/p>\n<p><a href=\"https:\/\/agora.xtec.cat\/iesacumella\/wp-content\/uploads\/usu1642\/2018\/12\/08BF3DF3-D4CD-4DD7-A8BF-9ECB0FA667F0.jpg\"><img loading=\"lazy\" decoding=\"async\" class=\"alignnone size-large wp-image-6497\" src=\"https:\/\/agora.xtec.cat\/iesacumella\/wp-content\/uploads\/usu1642\/2018\/12\/08BF3DF3-D4CD-4DD7-A8BF-9ECB0FA667F0-1024x1022.jpg\" alt=\"\" width=\"1024\" height=\"1022\" srcset=\"https:\/\/agora.xtec.cat\/iesacumella\/wp-content\/uploads\/usu1642\/2018\/12\/08BF3DF3-D4CD-4DD7-A8BF-9ECB0FA667F0-1024x1022.jpg 1024w, https:\/\/agora.xtec.cat\/iesacumella\/wp-content\/uploads\/usu1642\/2018\/12\/08BF3DF3-D4CD-4DD7-A8BF-9ECB0FA667F0-150x150.jpg 150w, https:\/\/agora.xtec.cat\/iesacumella\/wp-content\/uploads\/usu1642\/2018\/12\/08BF3DF3-D4CD-4DD7-A8BF-9ECB0FA667F0-300x300.jpg 300w, https:\/\/agora.xtec.cat\/iesacumella\/wp-content\/uploads\/usu1642\/2018\/12\/08BF3DF3-D4CD-4DD7-A8BF-9ECB0FA667F0-768x767.jpg 768w, https:\/\/agora.xtec.cat\/iesacumella\/wp-content\/uploads\/usu1642\/2018\/12\/08BF3DF3-D4CD-4DD7-A8BF-9ECB0FA667F0.jpg 2022w\" sizes=\"auto, (max-width: 1024px) 100vw, 1024px\" \/><\/a><\/p>\n","protected":false},"excerpt":{"rendered":"<p>En aquesta setmana pr\u00e8via a les vacances nadalenques des de les classes d\u2019angl\u00e8s a 3r hem estat treballant la composici\u00f3 dels \u201cAcrostic poems\u201d. Hem apr\u00e8s a fer petites composicions po\u00e8tiques amb el vocabulari propi del Nadal. Despr\u00e9s hem fet un petit muntatge al passad\u00eds de&hellip;  <a href=\"https:\/\/agora.xtec.cat\/iesacumella\/portada\/estudis\/eso\/acrostic-poems\/\" title=\"Read Acrostic poems\">Llegeix m\u00e9s\u00bb<\/a><\/p>\n","protected":false},"author":16,"featured_media":6497,"comment_status":"closed","ping_status":"closed","sticky":false,"template":"","format":"standard","meta":{"_bbp_topic_count":0,"_bbp_reply_count":0,"_bbp_total_topic_count":0,"_bbp_total_reply_count":0,"_bbp_voice_count":0,"_bbp_anonymous_reply_count":0,"_bbp_topic_count_hidden":0,"_bbp_reply_count_hidden":0,"_bbp_forum_subforum_count":0,"footnotes":""},"categories":[127,150,103,3,132,113,29,117],"tags":[],"class_list":["post-6496","post","type-post","status-publish","format-standard","has-post-thumbnail","hentry","category-3r-eso","category-avancem","category-departaments","category-eso","category-gep","category-llengues-estrangeres","category-portada","category-projectes"],"post_mailing_queue_ids":[],"_links":{"self":[{"href":"https:\/\/agora.xtec.cat\/iesacumella\/wp-json\/wp\/v2\/posts\/6496","targetHints":{"allow":["GET"]}}],"collection":[{"href":"https:\/\/agora.xtec.cat\/iesacumella\/wp-json\/wp\/v2\/posts"}],"about":[{"href":"https:\/\/agora.xtec.cat\/iesacumella\/wp-json\/wp\/v2\/types\/post"}],"author":[{"embeddable":true,"href":"https:\/\/agora.xtec.cat\/iesacumella\/wp-json\/wp\/v2\/users\/16"}],"replies":[{"embeddable":true,"href":"https:\/\/agora.xtec.cat\/iesacumella\/wp-json\/wp\/v2\/comments?post=6496"}],"version-history":[{"count":1,"href":"https:\/\/agora.xtec.cat\/iesacumella\/wp-json\/wp\/v2\/posts\/6496\/revisions"}],"predecessor-version":[{"id":6498,"href":"https:\/\/agora.xtec.cat\/iesacumella\/wp-json\/wp\/v2\/posts\/6496\/revisions\/6498"}],"wp:featuredmedia":[{"embeddable":true,"href":"https:\/\/agora.xtec.cat\/iesacumella\/wp-json\/wp\/v2\/media\/6497"}],"wp:attachment":[{"href":"https:\/\/agora.xtec.cat\/iesacumella\/wp-json\/wp\/v2\/media?parent=6496"}],"wp:term":[{"taxonomy":"category","embeddable":true,"href":"https:\/\/agora.xtec.cat\/iesacumella\/wp-json\/wp\/v2\/categories?post=6496"},{"taxonomy":"post_tag","embeddable":true,"href":"https:\/\/agora.xtec.cat\/iesacumella\/wp-json\/wp\/v2\/tags?post=6496"}],"curies":[{"name":"wp","href":"https:\/\/api.w.org\/{rel}","templated":true}]}}