{"id":6493,"date":"2018-12-14T14:10:03","date_gmt":"2018-12-14T13:10:03","guid":{"rendered":"http:\/\/agora.xtec.cat\/iesacumella\/?p=6493"},"modified":"2018-12-14T14:12:17","modified_gmt":"2018-12-14T13:12:17","slug":"catala-llengua-deuropa","status":"publish","type":"post","link":"https:\/\/agora.xtec.cat\/iesacumella\/portada\/general\/catala-llengua-deuropa\/","title":{"rendered":"Catal\u00e0, llengua d&#8217;Europa"},"content":{"rendered":"<p><span style=\"font-weight: 400;\">Del 10 al 21 de desembre, al vest\u00edbul de l\u2019INS Antoni Cumella, comptem amb l\u2019exposici\u00f3 \u201cCatal\u00e0, llengua d\u2019Europa\u201d, cedida temporalment i organitzada pel Departament de Cultura de la Generalitat de Catalunya. Aquesta, ens \u00a0mostra la vitalitat de la llengua catalana en el marc de les lleng\u00fces d\u2019Europa i aporta algunes dades positives i imatges curioses que potser coneixem poc. A classe, ens servir\u00e0 per a reflexionar-hi i donar-ne el contrapunt amb altres dades relatives a l\u2019\u00fas social de la llengua catalana.<\/span><\/p>\n<p><span style=\"font-weight: 400;\">Els onze desplegables que la componen recullen set \u00e0mbits tem\u00e0tics diferents:<\/span><\/p>\n<p><span style=\"font-weight: 400;\">&#8211; Catal\u00e0, llengua d\u2019Europa<\/span><\/p>\n<p><span style=\"font-weight: 400;\">&#8211; Catal\u00e0, llengua de l\u2019ensenyament<\/span><\/p>\n<p><span style=\"font-weight: 400;\">&#8211; Catal\u00e0, llengua dels mitjans de comunicaci\u00f3<\/span><\/p>\n<p><span style=\"font-weight: 400;\">&#8211; Catal\u00e0, llengua de la cultura<\/span><\/p>\n<p><span style=\"font-weight: 400;\">&#8211; Catal\u00e0, llengua del comer\u00e7 i l\u2019empresa<\/span><\/p>\n<p><span style=\"font-weight: 400;\">&#8211; Catal\u00e0, llengua digital<\/span><\/p>\n<p><span style=\"font-weight: 400;\">&#8211; Catal\u00e0, llengua de l\u2019esport<\/span><\/p>\n<p><span style=\"font-weight: 400;\">El recorregut (en diversos formats) de l\u2019exposici\u00f3 <\/span><span style=\"font-weight: 400;\">\u201cCatal\u00e0, llengua d\u2019Europa\u201d \u00e9s llarg i comen\u00e7a l\u2019any 2013. Ha recorregut centres c\u00edvics, biblioteques i espais p\u00fablics de moltes viles i ciutats dels territoris de parla catalana i, a m\u00e9s, ha estat present a l\u2019exterior: Sardenya, Argentina i B\u00e8lgica.<\/span><\/p>\n<p><span style=\"font-weight: 400;\">Si en voleu tenir m\u00e9s informaci\u00f3, premeu aqu\u00ed.<\/span><\/p>\n<p><a href=\"http:\/\/llengua.gencat.cat\/ca\/serveis\/informacio_i_difusio\/exposicions\/exposicio_catala_llengua_europa\/\"><span style=\"font-weight: 400;\">http:\/\/llengua.gencat.cat\/ca\/serveis\/informacio_i_difusio\/exposicions\/exposicio_catala_llengua_europa\/<\/span><\/a><\/p>\n<p><span style=\"font-weight: 400;\">Si voleu visitar l\u2019exposici\u00f3 virtualment, aneu a aquest altre enlla\u00e7.<\/span><\/p>\n<p><a href=\"http:\/\/www.gencat.cat\/llengua\/descarrega\/descarrega\/expo_en\/interactiu.html\"><span style=\"font-weight: 400;\">http:\/\/www.gencat.cat\/llengua\/descarrega\/descarrega\/expo_en\/interactiu.html<\/span><\/a><\/p>\n<p>&nbsp;<\/p>\n<p><a href=\"https:\/\/agora.xtec.cat\/iesacumella\/wp-content\/uploads\/usu1642\/2018\/12\/IMG_4057.jpg\"><img loading=\"lazy\" decoding=\"async\" class=\"alignnone size-large wp-image-6494\" src=\"https:\/\/agora.xtec.cat\/iesacumella\/wp-content\/uploads\/usu1642\/2018\/12\/IMG_4057-1024x768.jpg\" alt=\"\" width=\"1024\" height=\"768\" srcset=\"https:\/\/agora.xtec.cat\/iesacumella\/wp-content\/uploads\/usu1642\/2018\/12\/IMG_4057-1024x768.jpg 1024w, https:\/\/agora.xtec.cat\/iesacumella\/wp-content\/uploads\/usu1642\/2018\/12\/IMG_4057-300x225.jpg 300w, https:\/\/agora.xtec.cat\/iesacumella\/wp-content\/uploads\/usu1642\/2018\/12\/IMG_4057-768x576.jpg 768w, https:\/\/agora.xtec.cat\/iesacumella\/wp-content\/uploads\/usu1642\/2018\/12\/IMG_4057-200x150.jpg 200w\" sizes=\"auto, (max-width: 1024px) 100vw, 1024px\" \/><\/a><\/p>\n","protected":false},"excerpt":{"rendered":"<p>Del 10 al 21 de desembre, al vest\u00edbul de l\u2019INS Antoni Cumella, comptem amb l\u2019exposici\u00f3 \u201cCatal\u00e0, llengua d\u2019Europa\u201d, cedida temporalment i organitzada pel Departament de Cultura de la Generalitat de Catalunya. Aquesta, ens \u00a0mostra la vitalitat de la llengua catalana en el marc de les&hellip;  <a href=\"https:\/\/agora.xtec.cat\/iesacumella\/portada\/general\/catala-llengua-deuropa\/\" title=\"Read Catal\u00e0, llengua d&#8217;Europa\">Llegeix m\u00e9s\u00bb<\/a><\/p>\n","protected":false},"author":16,"featured_media":6494,"comment_status":"closed","ping_status":"closed","sticky":false,"template":"","format":"standard","meta":{"_bbp_topic_count":0,"_bbp_reply_count":0,"_bbp_total_topic_count":0,"_bbp_total_reply_count":0,"_bbp_voice_count":0,"_bbp_anonymous_reply_count":0,"_bbp_topic_count_hidden":0,"_bbp_reply_count_hidden":0,"_bbp_forum_subforum_count":0,"footnotes":""},"categories":[103,1,111,29],"tags":[],"class_list":["post-6493","post","type-post","status-publish","format-standard","has-post-thumbnail","hentry","category-departaments","category-general","category-llengua-catalana","category-portada"],"post_mailing_queue_ids":[],"_links":{"self":[{"href":"https:\/\/agora.xtec.cat\/iesacumella\/wp-json\/wp\/v2\/posts\/6493","targetHints":{"allow":["GET"]}}],"collection":[{"href":"https:\/\/agora.xtec.cat\/iesacumella\/wp-json\/wp\/v2\/posts"}],"about":[{"href":"https:\/\/agora.xtec.cat\/iesacumella\/wp-json\/wp\/v2\/types\/post"}],"author":[{"embeddable":true,"href":"https:\/\/agora.xtec.cat\/iesacumella\/wp-json\/wp\/v2\/users\/16"}],"replies":[{"embeddable":true,"href":"https:\/\/agora.xtec.cat\/iesacumella\/wp-json\/wp\/v2\/comments?post=6493"}],"version-history":[{"count":1,"href":"https:\/\/agora.xtec.cat\/iesacumella\/wp-json\/wp\/v2\/posts\/6493\/revisions"}],"predecessor-version":[{"id":6495,"href":"https:\/\/agora.xtec.cat\/iesacumella\/wp-json\/wp\/v2\/posts\/6493\/revisions\/6495"}],"wp:featuredmedia":[{"embeddable":true,"href":"https:\/\/agora.xtec.cat\/iesacumella\/wp-json\/wp\/v2\/media\/6494"}],"wp:attachment":[{"href":"https:\/\/agora.xtec.cat\/iesacumella\/wp-json\/wp\/v2\/media?parent=6493"}],"wp:term":[{"taxonomy":"category","embeddable":true,"href":"https:\/\/agora.xtec.cat\/iesacumella\/wp-json\/wp\/v2\/categories?post=6493"},{"taxonomy":"post_tag","embeddable":true,"href":"https:\/\/agora.xtec.cat\/iesacumella\/wp-json\/wp\/v2\/tags?post=6493"}],"curies":[{"name":"wp","href":"https:\/\/api.w.org\/{rel}","templated":true}]}}