{"id":6490,"date":"2018-12-14T12:59:46","date_gmt":"2018-12-14T11:59:46","guid":{"rendered":"http:\/\/agora.xtec.cat\/iesacumella\/?p=6490"},"modified":"2018-12-14T12:59:46","modified_gmt":"2018-12-14T11:59:46","slug":"decoracio-nadalenca-del-vestibul","status":"publish","type":"post","link":"https:\/\/agora.xtec.cat\/iesacumella\/portada\/estudis\/eso\/decoracio-nadalenca-del-vestibul\/","title":{"rendered":"Decoraci\u00f3 nadalenca del vest\u00edbul"},"content":{"rendered":"<p>Ja fa dos anys que els alumnes de la SIEI i el PIM fem la decoraci\u00f3 de Nadal de l&#8217;institut.<br \/>\nCada any hem intentat ser innovadors i originals! Aquest Nadal nom\u00e9s us demanem que demaneu un desig i l&#8217;escriviu.<br \/>\nBones festes a tots i a totes.<\/p>\n<p><iframe loading=\"lazy\" src=\"https:\/\/www.youtube.com\/embed\/bUHVe2oDRUQ\" width=\"560\" height=\"315\" frameborder=\"0\" allowfullscreen=\"allowfullscreen\"><\/iframe><\/p>\n","protected":false},"excerpt":{"rendered":"<p>Ja fa dos anys que els alumnes de la SIEI i el PIM fem la decoraci\u00f3 de Nadal de l&#8217;institut.<br \/>\nCada any hem intentat ser innovadors i originals! Aquest Nadal nom\u00e9s us demanem que demaneu un desig i l&#8217;escriviu.<br \/>\nBones festes a tots i a totes.<\/p>\n","protected":false},"author":16,"featured_media":6491,"comment_status":"closed","ping_status":"closed","sticky":false,"template":"","format":"standard","meta":{"_bbp_topic_count":0,"_bbp_reply_count":0,"_bbp_total_topic_count":0,"_bbp_total_reply_count":0,"_bbp_voice_count":0,"_bbp_anonymous_reply_count":0,"_bbp_topic_count_hidden":0,"_bbp_reply_count_hidden":0,"_bbp_forum_subforum_count":0,"footnotes":""},"categories":[3,116,29,117,147],"tags":[],"class_list":["post-6490","post","type-post","status-publish","format-standard","has-post-thumbnail","hentry","category-eso","category-pim","category-portada","category-projectes","category-sewing-wood"],"post_mailing_queue_ids":[],"_links":{"self":[{"href":"https:\/\/agora.xtec.cat\/iesacumella\/wp-json\/wp\/v2\/posts\/6490","targetHints":{"allow":["GET"]}}],"collection":[{"href":"https:\/\/agora.xtec.cat\/iesacumella\/wp-json\/wp\/v2\/posts"}],"about":[{"href":"https:\/\/agora.xtec.cat\/iesacumella\/wp-json\/wp\/v2\/types\/post"}],"author":[{"embeddable":true,"href":"https:\/\/agora.xtec.cat\/iesacumella\/wp-json\/wp\/v2\/users\/16"}],"replies":[{"embeddable":true,"href":"https:\/\/agora.xtec.cat\/iesacumella\/wp-json\/wp\/v2\/comments?post=6490"}],"version-history":[{"count":1,"href":"https:\/\/agora.xtec.cat\/iesacumella\/wp-json\/wp\/v2\/posts\/6490\/revisions"}],"predecessor-version":[{"id":6492,"href":"https:\/\/agora.xtec.cat\/iesacumella\/wp-json\/wp\/v2\/posts\/6490\/revisions\/6492"}],"wp:featuredmedia":[{"embeddable":true,"href":"https:\/\/agora.xtec.cat\/iesacumella\/wp-json\/wp\/v2\/media\/6491"}],"wp:attachment":[{"href":"https:\/\/agora.xtec.cat\/iesacumella\/wp-json\/wp\/v2\/media?parent=6490"}],"wp:term":[{"taxonomy":"category","embeddable":true,"href":"https:\/\/agora.xtec.cat\/iesacumella\/wp-json\/wp\/v2\/categories?post=6490"},{"taxonomy":"post_tag","embeddable":true,"href":"https:\/\/agora.xtec.cat\/iesacumella\/wp-json\/wp\/v2\/tags?post=6490"}],"curies":[{"name":"wp","href":"https:\/\/api.w.org\/{rel}","templated":true}]}}