{"id":6361,"date":"2018-11-12T13:47:57","date_gmt":"2018-11-12T12:47:57","guid":{"rendered":"http:\/\/agora.xtec.cat\/iesacumella\/?p=6361"},"modified":"2018-11-12T13:47:57","modified_gmt":"2018-11-12T12:47:57","slug":"inici-del-projecte-booktrailer","status":"publish","type":"post","link":"https:\/\/agora.xtec.cat\/iesacumella\/portada\/estudis\/eso\/inici-del-projecte-booktrailer\/","title":{"rendered":"INICI DEL PROJECTE BOOKTR\u00c0ILER"},"content":{"rendered":"<p style=\"font-weight: 400;\">El dia 8 de novembre els alumnes de 1r A d&#8217;ESO van anar a la Biblioteca Roca Umbert per a una primera presa de contacte amb el projecte Booktr\u00e0iler, que organitza conjuntament la biblioteca, l&#8217;Ajuntament de Granollers i Roca Umbert F\u00e0brica de les Arts.<\/p>\n<p>La dinamitzadora va proposar uns jocs per tal que els alumnes es\u00a0conscienciessin\u00a0sobre la import\u00e0ncia del treball en equip.<\/p>\n<p>Despr\u00e9s va presentar la lectura d&#8217;enguany,\u00a0<em>La doble vida de Cassiel Roadnight<\/em>, de Jenny Valentine.\u00a0A partir de la seva lectura i de la interpretaci\u00f3 que en facin, els alumnes hauran d\u2019elaborar, en col\u00b7laboraci\u00f3 amb el Departament de Llengua Catalana, el gui\u00f3 del booktr\u00e0iler.<\/p>\n<p>En una segona fase del projecte, i amb l&#8217;ajut del Departament de Visual i Pl\u00e0stica, es realitzar\u00e0 la tasca audiovisual.<\/p>\n<p>Les diferents sessions estaran dinamitzades per professionals del club de lectura i d&#8217;arts visuals.<\/p>\n<p>Algunes alumnes ja han comen\u00e7at el llibre i els est\u00e0 agradant molt!<a href=\"https:\/\/agora.xtec.cat\/iesacumella\/wp-content\/uploads\/usu1642\/2018\/11\/IMG_20181108_121125390.jpg\"><img loading=\"lazy\" decoding=\"async\" class=\"alignnone size-large wp-image-6382\" src=\"https:\/\/agora.xtec.cat\/iesacumella\/wp-content\/uploads\/usu1642\/2018\/11\/IMG_20181108_121125390-1024x768.jpg\" alt=\"\" width=\"1024\" height=\"768\" srcset=\"https:\/\/agora.xtec.cat\/iesacumella\/wp-content\/uploads\/usu1642\/2018\/11\/IMG_20181108_121125390-1024x768.jpg 1024w, https:\/\/agora.xtec.cat\/iesacumella\/wp-content\/uploads\/usu1642\/2018\/11\/IMG_20181108_121125390-300x225.jpg 300w, https:\/\/agora.xtec.cat\/iesacumella\/wp-content\/uploads\/usu1642\/2018\/11\/IMG_20181108_121125390-768x576.jpg 768w, https:\/\/agora.xtec.cat\/iesacumella\/wp-content\/uploads\/usu1642\/2018\/11\/IMG_20181108_121125390-200x150.jpg 200w, https:\/\/agora.xtec.cat\/iesacumella\/wp-content\/uploads\/usu1642\/2018\/11\/IMG_20181108_121125390.jpg 1417w\" sizes=\"auto, (max-width: 1024px) 100vw, 1024px\" \/><\/a> <a href=\"https:\/\/agora.xtec.cat\/iesacumella\/wp-content\/uploads\/usu1642\/2018\/11\/IMG_20181108_121238552.jpg\"><img loading=\"lazy\" decoding=\"async\" class=\"alignnone size-large wp-image-6383\" src=\"https:\/\/agora.xtec.cat\/iesacumella\/wp-content\/uploads\/usu1642\/2018\/11\/IMG_20181108_121238552-1024x768.jpg\" alt=\"\" width=\"1024\" height=\"768\" srcset=\"https:\/\/agora.xtec.cat\/iesacumella\/wp-content\/uploads\/usu1642\/2018\/11\/IMG_20181108_121238552-1024x768.jpg 1024w, https:\/\/agora.xtec.cat\/iesacumella\/wp-content\/uploads\/usu1642\/2018\/11\/IMG_20181108_121238552-300x225.jpg 300w, https:\/\/agora.xtec.cat\/iesacumella\/wp-content\/uploads\/usu1642\/2018\/11\/IMG_20181108_121238552-768x576.jpg 768w, https:\/\/agora.xtec.cat\/iesacumella\/wp-content\/uploads\/usu1642\/2018\/11\/IMG_20181108_121238552-200x150.jpg 200w, https:\/\/agora.xtec.cat\/iesacumella\/wp-content\/uploads\/usu1642\/2018\/11\/IMG_20181108_121238552.jpg 1417w\" sizes=\"auto, (max-width: 1024px) 100vw, 1024px\" \/><\/a> <a href=\"https:\/\/agora.xtec.cat\/iesacumella\/wp-content\/uploads\/usu1642\/2018\/11\/IMG_20181108_121813103.jpg\"><img loading=\"lazy\" decoding=\"async\" class=\"alignnone size-large wp-image-6384\" src=\"https:\/\/agora.xtec.cat\/iesacumella\/wp-content\/uploads\/usu1642\/2018\/11\/IMG_20181108_121813103-1024x768.jpg\" alt=\"\" width=\"1024\" height=\"768\" srcset=\"https:\/\/agora.xtec.cat\/iesacumella\/wp-content\/uploads\/usu1642\/2018\/11\/IMG_20181108_121813103-1024x768.jpg 1024w, https:\/\/agora.xtec.cat\/iesacumella\/wp-content\/uploads\/usu1642\/2018\/11\/IMG_20181108_121813103-300x225.jpg 300w, https:\/\/agora.xtec.cat\/iesacumella\/wp-content\/uploads\/usu1642\/2018\/11\/IMG_20181108_121813103-768x576.jpg 768w, https:\/\/agora.xtec.cat\/iesacumella\/wp-content\/uploads\/usu1642\/2018\/11\/IMG_20181108_121813103-200x150.jpg 200w, https:\/\/agora.xtec.cat\/iesacumella\/wp-content\/uploads\/usu1642\/2018\/11\/IMG_20181108_121813103.jpg 1417w\" sizes=\"auto, (max-width: 1024px) 100vw, 1024px\" \/><\/a> <a href=\"https:\/\/agora.xtec.cat\/iesacumella\/wp-content\/uploads\/usu1642\/2018\/11\/IMG_20181108_220730358-1.jpg\"><img loading=\"lazy\" decoding=\"async\" class=\"alignnone size-large wp-image-6385\" src=\"https:\/\/agora.xtec.cat\/iesacumella\/wp-content\/uploads\/usu1642\/2018\/11\/IMG_20181108_220730358-1-768x1024.jpg\" alt=\"\" width=\"768\" height=\"1024\" srcset=\"https:\/\/agora.xtec.cat\/iesacumella\/wp-content\/uploads\/usu1642\/2018\/11\/IMG_20181108_220730358-1-768x1024.jpg 768w, https:\/\/agora.xtec.cat\/iesacumella\/wp-content\/uploads\/usu1642\/2018\/11\/IMG_20181108_220730358-1-225x300.jpg 225w, https:\/\/agora.xtec.cat\/iesacumella\/wp-content\/uploads\/usu1642\/2018\/11\/IMG_20181108_220730358-1.jpg 1134w\" sizes=\"auto, (max-width: 768px) 100vw, 768px\" \/><\/a><\/p>\n","protected":false},"excerpt":{"rendered":"<p>El dia 8 de novembre els alumnes de 1r A d&#8217;ESO van anar a la Biblioteca Roca Umbert per a una primera presa de contacte amb el projecte Booktr\u00e0iler, que organitza conjuntament la biblioteca, l&#8217;Ajuntament de Granollers i Roca Umbert F\u00e0brica de les Arts.<br \/>\nLa dinamitzadora&hellip;  <a href=\"https:\/\/agora.xtec.cat\/iesacumella\/portada\/estudis\/eso\/inici-del-projecte-booktrailer\/\" title=\"Read INICI DEL PROJECTE BOOKTR\u00c0ILER\">Llegeix m\u00e9s\u00bb<\/a><\/p>\n","protected":false},"author":16,"featured_media":6385,"comment_status":"closed","ping_status":"closed","sticky":false,"template":"","format":"standard","meta":{"_bbp_topic_count":0,"_bbp_reply_count":0,"_bbp_total_topic_count":0,"_bbp_total_reply_count":0,"_bbp_voice_count":0,"_bbp_anonymous_reply_count":0,"_bbp_topic_count_hidden":0,"_bbp_reply_count_hidden":0,"_bbp_forum_subforum_count":0,"footnotes":""},"categories":[125,103,3,111,29,124],"tags":[],"class_list":["post-6361","post","type-post","status-publish","format-standard","has-post-thumbnail","hentry","category-1r-eso","category-departaments","category-eso","category-llengua-catalana","category-portada","category-visual-i-plastica"],"post_mailing_queue_ids":[],"_links":{"self":[{"href":"https:\/\/agora.xtec.cat\/iesacumella\/wp-json\/wp\/v2\/posts\/6361","targetHints":{"allow":["GET"]}}],"collection":[{"href":"https:\/\/agora.xtec.cat\/iesacumella\/wp-json\/wp\/v2\/posts"}],"about":[{"href":"https:\/\/agora.xtec.cat\/iesacumella\/wp-json\/wp\/v2\/types\/post"}],"author":[{"embeddable":true,"href":"https:\/\/agora.xtec.cat\/iesacumella\/wp-json\/wp\/v2\/users\/16"}],"replies":[{"embeddable":true,"href":"https:\/\/agora.xtec.cat\/iesacumella\/wp-json\/wp\/v2\/comments?post=6361"}],"version-history":[{"count":2,"href":"https:\/\/agora.xtec.cat\/iesacumella\/wp-json\/wp\/v2\/posts\/6361\/revisions"}],"predecessor-version":[{"id":6386,"href":"https:\/\/agora.xtec.cat\/iesacumella\/wp-json\/wp\/v2\/posts\/6361\/revisions\/6386"}],"wp:featuredmedia":[{"embeddable":true,"href":"https:\/\/agora.xtec.cat\/iesacumella\/wp-json\/wp\/v2\/media\/6385"}],"wp:attachment":[{"href":"https:\/\/agora.xtec.cat\/iesacumella\/wp-json\/wp\/v2\/media?parent=6361"}],"wp:term":[{"taxonomy":"category","embeddable":true,"href":"https:\/\/agora.xtec.cat\/iesacumella\/wp-json\/wp\/v2\/categories?post=6361"},{"taxonomy":"post_tag","embeddable":true,"href":"https:\/\/agora.xtec.cat\/iesacumella\/wp-json\/wp\/v2\/tags?post=6361"}],"curies":[{"name":"wp","href":"https:\/\/api.w.org\/{rel}","templated":true}]}}