{"id":6303,"date":"2018-10-19T12:50:53","date_gmt":"2018-10-19T10:50:53","guid":{"rendered":"http:\/\/agora.xtec.cat\/iesacumella\/?p=6303"},"modified":"2018-10-19T12:50:53","modified_gmt":"2018-10-19T10:50:53","slug":"poesia-visual","status":"publish","type":"post","link":"https:\/\/agora.xtec.cat\/iesacumella\/portada\/estudis\/eso\/poesia-visual\/","title":{"rendered":"POESIA VISUAL"},"content":{"rendered":"<div>A Llengua Catalana, amb l&#8217;alumnat de 2n B hem estat treballant la poesia visual i hem vist diferents creacions: poemes objecte, acr\u00f2stics, collages i cal\u00b7ligrames. Un dels referents m\u00e9s significatius havia estat Joan Brossa, important poeta avantguardista de la segona meitat del segle XX.<\/div>\n<div><\/div>\n<div><span style=\"font-family: sans-serif;\">Els alumnes han fet els seus propis poemes visuals; aqu\u00ed en tenim una mostra ben creativa, realitzada per Andrea Bretcha, \u00c0lex Fern\u00e1ndez, Valentina Montes i Valentina Pana.<\/span><\/div>\n<div><\/div>\n<div><a href=\"https:\/\/agora.xtec.cat\/iesacumella\/wp-content\/uploads\/usu1642\/2018\/10\/IMG_20181018_181203721.jpg\"><img loading=\"lazy\" decoding=\"async\" class=\"alignnone size-large wp-image-6307\" src=\"https:\/\/agora.xtec.cat\/iesacumella\/wp-content\/uploads\/usu1642\/2018\/10\/IMG_20181018_181203721-1024x731.jpg\" alt=\"\" width=\"1024\" height=\"731\" srcset=\"https:\/\/agora.xtec.cat\/iesacumella\/wp-content\/uploads\/usu1642\/2018\/10\/IMG_20181018_181203721-1024x731.jpg 1024w, https:\/\/agora.xtec.cat\/iesacumella\/wp-content\/uploads\/usu1642\/2018\/10\/IMG_20181018_181203721-300x214.jpg 300w, https:\/\/agora.xtec.cat\/iesacumella\/wp-content\/uploads\/usu1642\/2018\/10\/IMG_20181018_181203721-768x549.jpg 768w, https:\/\/agora.xtec.cat\/iesacumella\/wp-content\/uploads\/usu1642\/2018\/10\/IMG_20181018_181203721.jpg 1134w\" sizes=\"auto, (max-width: 1024px) 100vw, 1024px\" \/><\/a> <a href=\"https:\/\/agora.xtec.cat\/iesacumella\/wp-content\/uploads\/usu1642\/2018\/10\/IMG_20181018_181137571-1.jpg\"><img loading=\"lazy\" decoding=\"async\" class=\"alignnone size-large wp-image-6306\" src=\"https:\/\/agora.xtec.cat\/iesacumella\/wp-content\/uploads\/usu1642\/2018\/10\/IMG_20181018_181137571-1-1024x768.jpg\" alt=\"\" width=\"1024\" height=\"768\" srcset=\"https:\/\/agora.xtec.cat\/iesacumella\/wp-content\/uploads\/usu1642\/2018\/10\/IMG_20181018_181137571-1-1024x768.jpg 1024w, https:\/\/agora.xtec.cat\/iesacumella\/wp-content\/uploads\/usu1642\/2018\/10\/IMG_20181018_181137571-1-300x225.jpg 300w, https:\/\/agora.xtec.cat\/iesacumella\/wp-content\/uploads\/usu1642\/2018\/10\/IMG_20181018_181137571-1-768x576.jpg 768w, https:\/\/agora.xtec.cat\/iesacumella\/wp-content\/uploads\/usu1642\/2018\/10\/IMG_20181018_181137571-1-200x150.jpg 200w, https:\/\/agora.xtec.cat\/iesacumella\/wp-content\/uploads\/usu1642\/2018\/10\/IMG_20181018_181137571-1.jpg 1134w\" sizes=\"auto, (max-width: 1024px) 100vw, 1024px\" \/><\/a> <a href=\"https:\/\/agora.xtec.cat\/iesacumella\/wp-content\/uploads\/usu1642\/2018\/10\/IMG_20181018_180716035.jpg\"><img loading=\"lazy\" decoding=\"async\" class=\"alignnone size-large wp-image-6305\" src=\"https:\/\/agora.xtec.cat\/iesacumella\/wp-content\/uploads\/usu1642\/2018\/10\/IMG_20181018_180716035-682x1024.jpg\" alt=\"\" width=\"682\" height=\"1024\" srcset=\"https:\/\/agora.xtec.cat\/iesacumella\/wp-content\/uploads\/usu1642\/2018\/10\/IMG_20181018_180716035-682x1024.jpg 682w, https:\/\/agora.xtec.cat\/iesacumella\/wp-content\/uploads\/usu1642\/2018\/10\/IMG_20181018_180716035-200x300.jpg 200w, https:\/\/agora.xtec.cat\/iesacumella\/wp-content\/uploads\/usu1642\/2018\/10\/IMG_20181018_180716035-768x1152.jpg 768w\" sizes=\"auto, (max-width: 682px) 100vw, 682px\" \/><\/a> <a href=\"https:\/\/agora.xtec.cat\/iesacumella\/wp-content\/uploads\/usu1642\/2018\/10\/IMG_20181018_180706338.jpg\"><img loading=\"lazy\" decoding=\"async\" class=\"alignnone size-large wp-image-6304\" src=\"https:\/\/agora.xtec.cat\/iesacumella\/wp-content\/uploads\/usu1642\/2018\/10\/IMG_20181018_180706338-1024x690.jpg\" alt=\"\" width=\"1024\" height=\"690\" srcset=\"https:\/\/agora.xtec.cat\/iesacumella\/wp-content\/uploads\/usu1642\/2018\/10\/IMG_20181018_180706338-1024x690.jpg 1024w, https:\/\/agora.xtec.cat\/iesacumella\/wp-content\/uploads\/usu1642\/2018\/10\/IMG_20181018_180706338-300x202.jpg 300w, https:\/\/agora.xtec.cat\/iesacumella\/wp-content\/uploads\/usu1642\/2018\/10\/IMG_20181018_180706338-768x517.jpg 768w, https:\/\/agora.xtec.cat\/iesacumella\/wp-content\/uploads\/usu1642\/2018\/10\/IMG_20181018_180706338.jpg 1134w\" sizes=\"auto, (max-width: 1024px) 100vw, 1024px\" \/><\/a><\/div>\n","protected":false},"excerpt":{"rendered":"<p>A Llengua Catalana, amb l&#8217;alumnat de 2n B hem estat treballant la poesia visual i hem vist diferents creacions: poemes objecte, acr\u00f2stics, collages i cal\u00b7ligrames. Un dels referents m\u00e9s significatius havia estat Joan Brossa, important poeta avantguardista de la segona meitat del segle XX.<\/p>\n<p>Els alumnes&hellip;  <a href=\"https:\/\/agora.xtec.cat\/iesacumella\/portada\/estudis\/eso\/poesia-visual\/\" title=\"Read POESIA VISUAL\">Llegeix m\u00e9s\u00bb<\/a><\/p>\n","protected":false},"author":16,"featured_media":6305,"comment_status":"closed","ping_status":"closed","sticky":false,"template":"","format":"standard","meta":{"_bbp_topic_count":0,"_bbp_reply_count":0,"_bbp_total_topic_count":0,"_bbp_total_reply_count":0,"_bbp_voice_count":0,"_bbp_anonymous_reply_count":0,"_bbp_topic_count_hidden":0,"_bbp_reply_count_hidden":0,"_bbp_forum_subforum_count":0,"footnotes":""},"categories":[126,103,3,111,29],"tags":[],"class_list":["post-6303","post","type-post","status-publish","format-standard","has-post-thumbnail","hentry","category-2n-eso","category-departaments","category-eso","category-llengua-catalana","category-portada"],"post_mailing_queue_ids":[],"_links":{"self":[{"href":"https:\/\/agora.xtec.cat\/iesacumella\/wp-json\/wp\/v2\/posts\/6303","targetHints":{"allow":["GET"]}}],"collection":[{"href":"https:\/\/agora.xtec.cat\/iesacumella\/wp-json\/wp\/v2\/posts"}],"about":[{"href":"https:\/\/agora.xtec.cat\/iesacumella\/wp-json\/wp\/v2\/types\/post"}],"author":[{"embeddable":true,"href":"https:\/\/agora.xtec.cat\/iesacumella\/wp-json\/wp\/v2\/users\/16"}],"replies":[{"embeddable":true,"href":"https:\/\/agora.xtec.cat\/iesacumella\/wp-json\/wp\/v2\/comments?post=6303"}],"version-history":[{"count":1,"href":"https:\/\/agora.xtec.cat\/iesacumella\/wp-json\/wp\/v2\/posts\/6303\/revisions"}],"predecessor-version":[{"id":6308,"href":"https:\/\/agora.xtec.cat\/iesacumella\/wp-json\/wp\/v2\/posts\/6303\/revisions\/6308"}],"wp:featuredmedia":[{"embeddable":true,"href":"https:\/\/agora.xtec.cat\/iesacumella\/wp-json\/wp\/v2\/media\/6305"}],"wp:attachment":[{"href":"https:\/\/agora.xtec.cat\/iesacumella\/wp-json\/wp\/v2\/media?parent=6303"}],"wp:term":[{"taxonomy":"category","embeddable":true,"href":"https:\/\/agora.xtec.cat\/iesacumella\/wp-json\/wp\/v2\/categories?post=6303"},{"taxonomy":"post_tag","embeddable":true,"href":"https:\/\/agora.xtec.cat\/iesacumella\/wp-json\/wp\/v2\/tags?post=6303"}],"curies":[{"name":"wp","href":"https:\/\/api.w.org\/{rel}","templated":true}]}}