{"id":6299,"date":"2018-10-10T18:21:36","date_gmt":"2018-10-10T16:21:36","guid":{"rendered":"http:\/\/agora.xtec.cat\/iesacumella\/?p=6299"},"modified":"2018-10-10T20:38:36","modified_gmt":"2018-10-10T18:38:36","slug":"eleccions-al-consell-escolar-2018","status":"publish","type":"post","link":"https:\/\/agora.xtec.cat\/iesacumella\/portada\/general\/eleccions-al-consell-escolar-2018\/","title":{"rendered":"Eleccions al Consell Escolar 2018"},"content":{"rendered":"<p>Aquest curs 2018-2019 s\u2019ha de renovar el Consell Escolar del centre i us animem a totes les mares i pares a presentar la vostra candidatura. <a href=\"http:\/\/educacio.gencat.cat\/documents\/FormularisModels\/EleccionsConsellEscolar\/Y248_029.pdf\">Aqu\u00ed<\/a> teniu el formulari per presentar la vostra candidatura. El formulari s\u2019ha de presentar a l\u2019administraci\u00f3 del centre abans \u00a014 de novembre de 2018.<\/p>\n<p>Les eleccions es duran a terme el dia 26 de novembre de les 16h a les 20h a la sala de reunions del centre, per tal de triar els <strong>4 representants de les mares i els pares<\/strong> <strong>al Consell Escolar.<\/strong><\/p>\n<p>Les dates de les principals actuacions del proc\u00e9s electoral s\u00f3n les seg\u00fcents:<\/p>\n<table width=\"100%\">\n<tbody>\n<tr>\n<td width=\"60%\"><strong>\u00a0Actuaci\u00f3<\/strong><\/td>\n<td>\u00a0<strong>Data<\/strong><\/td>\n<\/tr>\n<tr>\n<td>\u00a0Inici del proc\u00e9s<\/td>\n<td>\u00a0A partir del 5 de novembre de 2018<\/td>\n<\/tr>\n<tr>\n<td>\u00a0Publicaci\u00f3 del cens electoral<\/p>\n<p><em>Lloc: Cartellera del vest\u00edbul del centre<\/em><\/td>\n<td>\u00a05, 6 i 7 de novembre de 2018<\/td>\n<\/tr>\n<tr>\n<td>\u00a0Presentaci\u00f3 de reclamacions al cens escolar<\/p>\n<p><em>Lloc: administraci\u00f3 del centre<\/em><\/td>\n<td>\u00a08,9,12 de novembre de 2018<\/td>\n<\/tr>\n<tr>\n<td>\u00a0Sorteig del membres de les meses electorals<\/p>\n<p><em>\u00a0Lloc: Sala de reunions<\/em><\/td>\n<td>\u00a09 de novembre de 2018<\/td>\n<\/tr>\n<tr>\n<td>\u00a0Constituci\u00f3 de les meses electorals<\/p>\n<p><em>Lloc: Sala de reunions<\/em><\/td>\n<td>\u00a012 de novembre de 2018<\/td>\n<\/tr>\n<tr>\n<td>\u00a0Data l\u00edmit per presentar les candidatures al Consell Escolar<\/p>\n<p><em>Lloc: administraci\u00f3 del centre<\/em><\/td>\n<td>\u00a014 de novembre de 2018<\/td>\n<\/tr>\n<tr>\n<td>\u00a0Publicaci\u00f3 de les candidatures<\/p>\n<p><em>Lloc: Cartellera del vest\u00edbul del centre<\/em><\/td>\n<td>\u00a016 de novembre de 2018<\/td>\n<\/tr>\n<tr>\n<td>\u00a0Resoluci\u00f3 de reclamacions al cens escolar<\/p>\n<p><em>Lloc: Cartellera del vest\u00edbul del centre<\/em><\/td>\n<td>\u00a016 de novembre de 2018<\/td>\n<\/tr>\n<tr>\n<td>\u00a0Sol\u00b7licitud de fer de supervisor del proc\u00e9s electoral<\/p>\n<p><em>\u00a0Lloc: administraci\u00f3 del centre<\/em><\/td>\n<td>\u00a016 de novembre de 2018<\/td>\n<\/tr>\n<tr>\n<td><strong>\u00a0Votacions\u00a0 <\/strong><\/p>\n<p><em>Lloc: Sala de reunions<\/em><\/td>\n<td><strong>\u00a026 de novembre de 2018<\/strong><\/td>\n<\/tr>\n<tr>\n<td>\u00a0Constituci\u00f3 del consell escolar i presa de possessi\u00f3 dels seus membres<\/td>\n<td>\u00a017 de desembre de 2018<\/td>\n<\/tr>\n<\/tbody>\n<\/table>\n<p>&nbsp;<\/p>\n<p>Resoluci\u00f3 per la qual s\u2019estableix el calendari del prov\u00e9s per renovar els Consells Escolars: \u00a0<a href=\"http:\/\/dogc.gencat.cat\/ca\/pdogc_canals_interns\/pdogc_resultats_fitxa\/?action=fitxa&amp;mode=single&amp;documentId=827818&amp;language=ca_ES\">Resoluci\u00f3 ENS\/2232\/2018<\/a>, d&#8217;1 d&#8217;octubre.<\/p>\n<p>Resoluci\u00f3 de la direcci\u00f3 del centre per la qual es convoca les eleccions al Consell Escolar:<\/p>\n<p style=\"margin: 12px auto 6px auto; font-family: Helvetica,Arial,Sans-serif; font-style: normal; font-variant: normal; font-weight: normal; font-size: 14px; line-height: normal; font-size-adjust: none; font-stretch: normal; -x-system-font: none; display: block;\"><a style=\"text-decoration: underline;\" title=\"View Convocat\u00f2ria eleccions Consell Escolar 2018 on Scribd\" href=\"https:\/\/www.scribd.com\/document\/390582606\/Convocatoria-eleccions-Consell-Escolar-2018#from_embed\">Convocat\u00f2ria eleccions Consell Escolar 2018<\/a> by <a style=\"text-decoration: underline;\" title=\"View Comunicacio Ins Antoni Cumella's profile on Scribd\" href=\"https:\/\/www.scribd.com\/user\/364765361\/Comunicacio-Ins-Antoni-Cumella#from_embed\">Comunicacio Ins Antoni Cumella<\/a> on Scribd<\/p>\n<p><iframe loading=\"lazy\" id=\"doc_7424\" class=\"scribd_iframe_embed\" title=\"Convocat\u00f2ria eleccions Consell Escolar 2018\" src=\"https:\/\/www.scribd.com\/embeds\/390582606\/content?start_page=1&amp;view_mode=scroll&amp;access_key=key-AHSLZPwpNQdj6xsAnxll&amp;show_recommendations=true\" width=\"100%\" height=\"600\" frameborder=\"0\" scrolling=\"no\" data-auto-height=\"false\" data-aspect-ratio=\"0.7080062794348508\"><\/iframe><\/p>\n","protected":false},"excerpt":{"rendered":"<p>Aquest curs 2018-2019 s\u2019ha de renovar el Consell Escolar del centre i us animem a totes les mares i pares a presentar la vostra candidatura. <a href=\"http:\/\/educacio.gencat.cat\/documents\/FormularisModels\/EleccionsConsellEscolar\/Y248_029.pdf\">Aqu\u00ed<\/a> teniu el formulari per presentar la vostra candidatura. El formulari s\u2019ha de presentar a l\u2019administraci\u00f3 del centre abans&hellip;  <a href=\"https:\/\/agora.xtec.cat\/iesacumella\/portada\/general\/eleccions-al-consell-escolar-2018\/\" title=\"Read Eleccions al Consell Escolar 2018\">Llegeix m\u00e9s\u00bb<\/a><\/p>\n","protected":false},"author":16,"featured_media":6300,"comment_status":"closed","ping_status":"closed","sticky":false,"template":"","format":"standard","meta":{"_bbp_topic_count":0,"_bbp_reply_count":0,"_bbp_total_topic_count":0,"_bbp_total_reply_count":0,"_bbp_voice_count":0,"_bbp_anonymous_reply_count":0,"_bbp_topic_count_hidden":0,"_bbp_reply_count_hidden":0,"_bbp_forum_subforum_count":0,"footnotes":""},"categories":[31,1,29],"tags":[],"class_list":["post-6299","post","type-post","status-publish","format-standard","has-post-thumbnail","hentry","category-ampa","category-general","category-portada"],"post_mailing_queue_ids":[],"_links":{"self":[{"href":"https:\/\/agora.xtec.cat\/iesacumella\/wp-json\/wp\/v2\/posts\/6299","targetHints":{"allow":["GET"]}}],"collection":[{"href":"https:\/\/agora.xtec.cat\/iesacumella\/wp-json\/wp\/v2\/posts"}],"about":[{"href":"https:\/\/agora.xtec.cat\/iesacumella\/wp-json\/wp\/v2\/types\/post"}],"author":[{"embeddable":true,"href":"https:\/\/agora.xtec.cat\/iesacumella\/wp-json\/wp\/v2\/users\/16"}],"replies":[{"embeddable":true,"href":"https:\/\/agora.xtec.cat\/iesacumella\/wp-json\/wp\/v2\/comments?post=6299"}],"version-history":[{"count":2,"href":"https:\/\/agora.xtec.cat\/iesacumella\/wp-json\/wp\/v2\/posts\/6299\/revisions"}],"predecessor-version":[{"id":6302,"href":"https:\/\/agora.xtec.cat\/iesacumella\/wp-json\/wp\/v2\/posts\/6299\/revisions\/6302"}],"wp:featuredmedia":[{"embeddable":true,"href":"https:\/\/agora.xtec.cat\/iesacumella\/wp-json\/wp\/v2\/media\/6300"}],"wp:attachment":[{"href":"https:\/\/agora.xtec.cat\/iesacumella\/wp-json\/wp\/v2\/media?parent=6299"}],"wp:term":[{"taxonomy":"category","embeddable":true,"href":"https:\/\/agora.xtec.cat\/iesacumella\/wp-json\/wp\/v2\/categories?post=6299"},{"taxonomy":"post_tag","embeddable":true,"href":"https:\/\/agora.xtec.cat\/iesacumella\/wp-json\/wp\/v2\/tags?post=6299"}],"curies":[{"name":"wp","href":"https:\/\/api.w.org\/{rel}","templated":true}]}}