{"id":6235,"date":"2018-10-04T20:41:28","date_gmt":"2018-10-04T18:41:28","guid":{"rendered":"http:\/\/agora.xtec.cat\/iesacumella\/?p=6235"},"modified":"2018-10-04T20:41:28","modified_gmt":"2018-10-04T18:41:28","slug":"inici-del-projecte-de-2n-deso","status":"publish","type":"post","link":"https:\/\/agora.xtec.cat\/iesacumella\/portada\/inici-del-projecte-de-2n-deso\/","title":{"rendered":"Inici del projecte de 2n d\u2019ESO"},"content":{"rendered":"<p><a dir=\"ltr\" href=\"x-apple-data-detectors:\/\/0\">Dilluns 8<\/a> d\u00b4octubre el nostre alumnat de 2 ESO comen\u00e7a el seu viatge per l\u00b4Edat Mitjana. Guiats d\u00b4en F\u00e8lix, pelegr\u00ed lul\u00b7li\u00e0, aniran cercant els sabers d\u00b4aquesta \u00e8poca fins a esdevenir aut\u00e8ntics experts en la creaci\u00f3 d\u00b4un Manuscrit.<\/p>\n<div>A gaudir-ne i bon viatge!<a href=\"http:\/\/agora.xtec.cat\/iesacumella\/wp-content\/uploads\/usu1642\/2018\/10\/880B5243-C3CC-4B8F-A99A-DC7A5A7391B4.png\"><img loading=\"lazy\" decoding=\"async\" class=\"alignnone size-large wp-image-6236\" src=\"http:\/\/agora.xtec.cat\/iesacumella\/wp-content\/uploads\/usu1642\/2018\/10\/880B5243-C3CC-4B8F-A99A-DC7A5A7391B4-1024x472.png\" alt=\"\" width=\"1024\" height=\"472\" srcset=\"https:\/\/agora.xtec.cat\/iesacumella\/wp-content\/uploads\/usu1642\/2018\/10\/880B5243-C3CC-4B8F-A99A-DC7A5A7391B4-1024x472.png 1024w, https:\/\/agora.xtec.cat\/iesacumella\/wp-content\/uploads\/usu1642\/2018\/10\/880B5243-C3CC-4B8F-A99A-DC7A5A7391B4-300x138.png 300w, https:\/\/agora.xtec.cat\/iesacumella\/wp-content\/uploads\/usu1642\/2018\/10\/880B5243-C3CC-4B8F-A99A-DC7A5A7391B4-768x354.png 768w, https:\/\/agora.xtec.cat\/iesacumella\/wp-content\/uploads\/usu1642\/2018\/10\/880B5243-C3CC-4B8F-A99A-DC7A5A7391B4.png 1057w\" sizes=\"auto, (max-width: 1024px) 100vw, 1024px\" \/><\/a><\/div>\n","protected":false},"excerpt":{"rendered":"<p><a dir=\"ltr\" href=\"x-apple-data-detectors:\/\/0\">Dilluns 8<\/a> d\u00b4octubre el nostre alumnat de 2 ESO comen\u00e7a el seu viatge per l\u00b4Edat Mitjana. Guiats d\u00b4en F\u00e8lix, pelegr\u00ed lul\u00b7li\u00e0, aniran cercant els sabers d\u00b4aquesta \u00e8poca fins a esdevenir aut\u00e8ntics experts en la creaci\u00f3 d\u00b4un Manuscrit.<br \/>\nA gaudir-ne i bon viatge!<a href=\"http:\/\/agora.xtec.cat\/iesacumella\/wp-content\/uploads\/usu1642\/2018\/10\/880B5243-C3CC-4B8F-A99A-DC7A5A7391B4.png\"><\/a><\/p>\n","protected":false},"author":16,"featured_media":6236,"comment_status":"closed","ping_status":"closed","sticky":false,"template":"","format":"standard","meta":{"_bbp_topic_count":0,"_bbp_reply_count":0,"_bbp_total_topic_count":0,"_bbp_total_reply_count":0,"_bbp_voice_count":0,"_bbp_anonymous_reply_count":0,"_bbp_topic_count_hidden":0,"_bbp_reply_count_hidden":0,"_bbp_forum_subforum_count":0,"footnotes":""},"categories":[126,150,29],"tags":[],"class_list":["post-6235","post","type-post","status-publish","format-standard","has-post-thumbnail","hentry","category-2n-eso","category-avancem","category-portada"],"post_mailing_queue_ids":[],"_links":{"self":[{"href":"https:\/\/agora.xtec.cat\/iesacumella\/wp-json\/wp\/v2\/posts\/6235","targetHints":{"allow":["GET"]}}],"collection":[{"href":"https:\/\/agora.xtec.cat\/iesacumella\/wp-json\/wp\/v2\/posts"}],"about":[{"href":"https:\/\/agora.xtec.cat\/iesacumella\/wp-json\/wp\/v2\/types\/post"}],"author":[{"embeddable":true,"href":"https:\/\/agora.xtec.cat\/iesacumella\/wp-json\/wp\/v2\/users\/16"}],"replies":[{"embeddable":true,"href":"https:\/\/agora.xtec.cat\/iesacumella\/wp-json\/wp\/v2\/comments?post=6235"}],"version-history":[{"count":1,"href":"https:\/\/agora.xtec.cat\/iesacumella\/wp-json\/wp\/v2\/posts\/6235\/revisions"}],"predecessor-version":[{"id":6237,"href":"https:\/\/agora.xtec.cat\/iesacumella\/wp-json\/wp\/v2\/posts\/6235\/revisions\/6237"}],"wp:featuredmedia":[{"embeddable":true,"href":"https:\/\/agora.xtec.cat\/iesacumella\/wp-json\/wp\/v2\/media\/6236"}],"wp:attachment":[{"href":"https:\/\/agora.xtec.cat\/iesacumella\/wp-json\/wp\/v2\/media?parent=6235"}],"wp:term":[{"taxonomy":"category","embeddable":true,"href":"https:\/\/agora.xtec.cat\/iesacumella\/wp-json\/wp\/v2\/categories?post=6235"},{"taxonomy":"post_tag","embeddable":true,"href":"https:\/\/agora.xtec.cat\/iesacumella\/wp-json\/wp\/v2\/tags?post=6235"}],"curies":[{"name":"wp","href":"https:\/\/api.w.org\/{rel}","templated":true}]}}