{"id":6231,"date":"2018-10-04T19:45:58","date_gmt":"2018-10-04T17:45:58","guid":{"rendered":"http:\/\/agora.xtec.cat\/iesacumella\/?p=6231"},"modified":"2018-10-04T20:47:41","modified_gmt":"2018-10-04T18:47:41","slug":"lliga-de-debat","status":"publish","type":"post","link":"https:\/\/agora.xtec.cat\/iesacumella\/portada\/estudis\/eso\/lliga-de-debat\/","title":{"rendered":"Lliga de debat"},"content":{"rendered":"<div>Amb il\u00b7lusi\u00f3 i ganes de fomentar l\u00b4\u00fas de la paraula mitjan\u00e7ant el debat com a eina pedag\u00f2gica, cerquem estudiants (de 4t ESO i Batxillerat) interessats a treballar en equip, aprendre i competir.<\/div>\n<div>Enguany preparem el tema &#8220;Calen les fronteres entre pa\u00efsos?&#8221;<\/div>\n<div>ANIMEU-VOS I PARTICIPEU!<\/div>\n<div>Referents: C\u00e8lia Sevilla i N\u00faria Fab\u00f3n (<a dir=\"ltr\" href=\"http:\/\/dpts.de\/\">Dpts.de<\/a>Lleng\u00fces)<\/div>\n<div><a href=\"http:\/\/agora.xtec.cat\/iesacumella\/wp-content\/uploads\/usu1642\/2018\/10\/CD0B046A-299E-4448-8BEC-0D42145736BA.jpeg\"><img loading=\"lazy\" decoding=\"async\" class=\"alignnone size-large wp-image-6232\" src=\"http:\/\/agora.xtec.cat\/iesacumella\/wp-content\/uploads\/usu1642\/2018\/10\/CD0B046A-299E-4448-8BEC-0D42145736BA-742x1024.jpeg\" alt=\"\" width=\"742\" height=\"1024\" srcset=\"https:\/\/agora.xtec.cat\/iesacumella\/wp-content\/uploads\/usu1642\/2018\/10\/CD0B046A-299E-4448-8BEC-0D42145736BA-742x1024.jpeg 742w, https:\/\/agora.xtec.cat\/iesacumella\/wp-content\/uploads\/usu1642\/2018\/10\/CD0B046A-299E-4448-8BEC-0D42145736BA-217x300.jpeg 217w, https:\/\/agora.xtec.cat\/iesacumella\/wp-content\/uploads\/usu1642\/2018\/10\/CD0B046A-299E-4448-8BEC-0D42145736BA-768x1060.jpeg 768w, https:\/\/agora.xtec.cat\/iesacumella\/wp-content\/uploads\/usu1642\/2018\/10\/CD0B046A-299E-4448-8BEC-0D42145736BA.jpeg 1242w\" sizes=\"auto, (max-width: 742px) 100vw, 742px\" \/><\/a><\/div>\n","protected":false},"excerpt":{"rendered":"<p>Amb il\u00b7lusi\u00f3 i ganes de fomentar l\u00b4\u00fas de la paraula mitjan\u00e7ant el debat com a eina pedag\u00f2gica, cerquem estudiants (de 4t ESO i Batxillerat) interessats a treballar en equip, aprendre i competir.<br \/>\nEnguany preparem el tema &#8220;Calen les fronteres entre pa\u00efsos?&#8221;<br \/>\nANIMEU-VOS I PARTICIPEU!<br \/>\nReferents: C\u00e8lia Sevilla i&hellip;  <a href=\"https:\/\/agora.xtec.cat\/iesacumella\/portada\/estudis\/eso\/lliga-de-debat\/\" title=\"Read Lliga de debat\">Llegeix m\u00e9s\u00bb<\/a><\/p>\n","protected":false},"author":16,"featured_media":6232,"comment_status":"closed","ping_status":"closed","sticky":false,"template":"","format":"standard","meta":{"_bbp_topic_count":0,"_bbp_reply_count":0,"_bbp_total_topic_count":0,"_bbp_total_reply_count":0,"_bbp_voice_count":0,"_bbp_anonymous_reply_count":0,"_bbp_topic_count_hidden":0,"_bbp_reply_count_hidden":0,"_bbp_forum_subforum_count":0,"footnotes":""},"categories":[128,129,150,8,145,146,3,110,111,116,29],"tags":[],"class_list":["post-6231","post","type-post","status-publish","format-standard","has-post-thumbnail","hentry","category-4rt-eso","category-aula-oberta","category-avancem","category-batxillerat","category-batxillerat-diurn","category-batxillerat-nocturn","category-eso","category-llengua-castellana","category-llengua-catalana","category-pim","category-portada"],"post_mailing_queue_ids":[],"_links":{"self":[{"href":"https:\/\/agora.xtec.cat\/iesacumella\/wp-json\/wp\/v2\/posts\/6231","targetHints":{"allow":["GET"]}}],"collection":[{"href":"https:\/\/agora.xtec.cat\/iesacumella\/wp-json\/wp\/v2\/posts"}],"about":[{"href":"https:\/\/agora.xtec.cat\/iesacumella\/wp-json\/wp\/v2\/types\/post"}],"author":[{"embeddable":true,"href":"https:\/\/agora.xtec.cat\/iesacumella\/wp-json\/wp\/v2\/users\/16"}],"replies":[{"embeddable":true,"href":"https:\/\/agora.xtec.cat\/iesacumella\/wp-json\/wp\/v2\/comments?post=6231"}],"version-history":[{"count":2,"href":"https:\/\/agora.xtec.cat\/iesacumella\/wp-json\/wp\/v2\/posts\/6231\/revisions"}],"predecessor-version":[{"id":6234,"href":"https:\/\/agora.xtec.cat\/iesacumella\/wp-json\/wp\/v2\/posts\/6231\/revisions\/6234"}],"wp:featuredmedia":[{"embeddable":true,"href":"https:\/\/agora.xtec.cat\/iesacumella\/wp-json\/wp\/v2\/media\/6232"}],"wp:attachment":[{"href":"https:\/\/agora.xtec.cat\/iesacumella\/wp-json\/wp\/v2\/media?parent=6231"}],"wp:term":[{"taxonomy":"category","embeddable":true,"href":"https:\/\/agora.xtec.cat\/iesacumella\/wp-json\/wp\/v2\/categories?post=6231"},{"taxonomy":"post_tag","embeddable":true,"href":"https:\/\/agora.xtec.cat\/iesacumella\/wp-json\/wp\/v2\/tags?post=6231"}],"curies":[{"name":"wp","href":"https:\/\/api.w.org\/{rel}","templated":true}]}}