{"id":6118,"date":"2018-09-13T09:59:48","date_gmt":"2018-09-13T07:59:48","guid":{"rendered":"http:\/\/agora.xtec.cat\/iesacumella\/?p=6118"},"modified":"2018-09-27T21:22:01","modified_gmt":"2018-09-27T19:22:01","slug":"intercanvi-quebec-catalunya","status":"publish","type":"post","link":"https:\/\/agora.xtec.cat\/iesacumella\/portada\/intercanvi-quebec-catalunya\/","title":{"rendered":"Intercanvi Quebec-Catalunya"},"content":{"rendered":"<p>L\u2019Institut Antoni Cumella ha estat seleccionat per participar en el Programa de Mobilitat Catalunya-Quebec que impulsa el Departament d\u2019Ensenyament en col\u00b7laboraci\u00f3 amb l\u2019entitat educativa quebequesa \u00c9ducation Internationale. Aquesta iniciativa permetr\u00e0 que dos alumnes quebequesos facin una estada de tres mesos al nostre centre durant el primer trimestre i que els alumnes catalans facin tamb\u00e9 una estada al Quebec durant el segon trimestre. Els alumnes, en tots dos casos, estaran allotjats a casa del seu respectiu corresponsal i assistiran a les classes ordin\u00e0ries fins al desembre per tal demill orar el seu castell\u00e0, iniciar-se tamb\u00e9 al catal\u00e0 i con\u00e8ixer de ben a prop les nostres tradicions.<br \/>\nLes seves parelles d\u2019intercanvi s\u00f3n l\u2019Alex Roman i la Sara Ventura, alumnes de 4t d\u2019ESO que viatjaran del gener a l\u2019abril de 2019 per tal de millorar el seu<br \/>\nfranc\u00e8s i con\u00e8ixer una nova cultura.<br \/>\n<a href=\"http:\/\/agora.xtec.cat\/iesacumella\/wp-content\/uploads\/usu1642\/2018\/09\/71B039C5-D15A-4843-A7EB-C26936506CD2.jpg\"><img loading=\"lazy\" decoding=\"async\" class=\"alignnone size-large wp-image-6119\" src=\"http:\/\/agora.xtec.cat\/iesacumella\/wp-content\/uploads\/usu1642\/2018\/09\/71B039C5-D15A-4843-A7EB-C26936506CD2-1024x768.jpg\" alt=\"\" width=\"1024\" height=\"768\" srcset=\"https:\/\/agora.xtec.cat\/iesacumella\/wp-content\/uploads\/usu1642\/2018\/09\/71B039C5-D15A-4843-A7EB-C26936506CD2-1024x768.jpg 1024w, https:\/\/agora.xtec.cat\/iesacumella\/wp-content\/uploads\/usu1642\/2018\/09\/71B039C5-D15A-4843-A7EB-C26936506CD2-300x225.jpg 300w, https:\/\/agora.xtec.cat\/iesacumella\/wp-content\/uploads\/usu1642\/2018\/09\/71B039C5-D15A-4843-A7EB-C26936506CD2-768x576.jpg 768w, https:\/\/agora.xtec.cat\/iesacumella\/wp-content\/uploads\/usu1642\/2018\/09\/71B039C5-D15A-4843-A7EB-C26936506CD2-200x150.jpg 200w, https:\/\/agora.xtec.cat\/iesacumella\/wp-content\/uploads\/usu1642\/2018\/09\/71B039C5-D15A-4843-A7EB-C26936506CD2.jpg 1701w\" sizes=\"auto, (max-width: 1024px) 100vw, 1024px\" \/><\/a><\/p>\n<p><a href=\"http:\/\/agora.xtec.cat\/iesacumella\/wp-content\/uploads\/usu1642\/2018\/09\/266A4CBD-47F1-4417-ABEA-C8004E104E4E.jpg\"><img loading=\"lazy\" decoding=\"async\" class=\"alignnone size-large wp-image-6120\" src=\"http:\/\/agora.xtec.cat\/iesacumella\/wp-content\/uploads\/usu1642\/2018\/09\/266A4CBD-47F1-4417-ABEA-C8004E104E4E-1024x768.jpg\" alt=\"\" width=\"1024\" height=\"768\" srcset=\"https:\/\/agora.xtec.cat\/iesacumella\/wp-content\/uploads\/usu1642\/2018\/09\/266A4CBD-47F1-4417-ABEA-C8004E104E4E-1024x768.jpg 1024w, https:\/\/agora.xtec.cat\/iesacumella\/wp-content\/uploads\/usu1642\/2018\/09\/266A4CBD-47F1-4417-ABEA-C8004E104E4E-300x225.jpg 300w, https:\/\/agora.xtec.cat\/iesacumella\/wp-content\/uploads\/usu1642\/2018\/09\/266A4CBD-47F1-4417-ABEA-C8004E104E4E-768x576.jpg 768w, https:\/\/agora.xtec.cat\/iesacumella\/wp-content\/uploads\/usu1642\/2018\/09\/266A4CBD-47F1-4417-ABEA-C8004E104E4E-200x150.jpg 200w, https:\/\/agora.xtec.cat\/iesacumella\/wp-content\/uploads\/usu1642\/2018\/09\/266A4CBD-47F1-4417-ABEA-C8004E104E4E.jpg 1701w\" sizes=\"auto, (max-width: 1024px) 100vw, 1024px\" \/><\/a><\/p>\n<p><a href=\"http:\/\/agora.xtec.cat\/iesacumella\/wp-content\/uploads\/usu1642\/2018\/09\/C07F52C4-6310-4DA3-AF38-AE551F0DF2DF.jpg\"><img loading=\"lazy\" decoding=\"async\" class=\"alignnone size-large wp-image-6121\" src=\"http:\/\/agora.xtec.cat\/iesacumella\/wp-content\/uploads\/usu1642\/2018\/09\/C07F52C4-6310-4DA3-AF38-AE551F0DF2DF-1024x768.jpg\" alt=\"\" width=\"1024\" height=\"768\" srcset=\"https:\/\/agora.xtec.cat\/iesacumella\/wp-content\/uploads\/usu1642\/2018\/09\/C07F52C4-6310-4DA3-AF38-AE551F0DF2DF-1024x768.jpg 1024w, https:\/\/agora.xtec.cat\/iesacumella\/wp-content\/uploads\/usu1642\/2018\/09\/C07F52C4-6310-4DA3-AF38-AE551F0DF2DF-300x225.jpg 300w, https:\/\/agora.xtec.cat\/iesacumella\/wp-content\/uploads\/usu1642\/2018\/09\/C07F52C4-6310-4DA3-AF38-AE551F0DF2DF-768x576.jpg 768w, https:\/\/agora.xtec.cat\/iesacumella\/wp-content\/uploads\/usu1642\/2018\/09\/C07F52C4-6310-4DA3-AF38-AE551F0DF2DF-200x150.jpg 200w, https:\/\/agora.xtec.cat\/iesacumella\/wp-content\/uploads\/usu1642\/2018\/09\/C07F52C4-6310-4DA3-AF38-AE551F0DF2DF.jpg 1701w\" sizes=\"auto, (max-width: 1024px) 100vw, 1024px\" \/><\/a><\/p>\n","protected":false},"excerpt":{"rendered":"<p>L\u2019Institut Antoni Cumella ha estat seleccionat per participar en el Programa de Mobilitat Catalunya-Quebec que impulsa el Departament d\u2019Ensenyament en col\u00b7laboraci\u00f3 amb l\u2019entitat educativa quebequesa \u00c9ducation Internationale. Aquesta iniciativa permetr\u00e0 que dos alumnes quebequesos facin una estada de tres mesos al nostre centre durant el&hellip;  <a href=\"https:\/\/agora.xtec.cat\/iesacumella\/portada\/intercanvi-quebec-catalunya\/\" title=\"Read Intercanvi Quebec-Catalunya\">Llegeix m\u00e9s\u00bb<\/a><\/p>\n","protected":false},"author":16,"featured_media":6120,"comment_status":"closed","ping_status":"closed","sticky":false,"template":"","format":"standard","meta":{"_bbp_topic_count":0,"_bbp_reply_count":0,"_bbp_total_topic_count":0,"_bbp_total_reply_count":0,"_bbp_voice_count":0,"_bbp_anonymous_reply_count":0,"_bbp_topic_count_hidden":0,"_bbp_reply_count_hidden":0,"_bbp_forum_subforum_count":0,"footnotes":""},"categories":[128,113,29],"tags":[],"class_list":["post-6118","post","type-post","status-publish","format-standard","has-post-thumbnail","hentry","category-4rt-eso","category-llengues-estrangeres","category-portada"],"post_mailing_queue_ids":[],"_links":{"self":[{"href":"https:\/\/agora.xtec.cat\/iesacumella\/wp-json\/wp\/v2\/posts\/6118","targetHints":{"allow":["GET"]}}],"collection":[{"href":"https:\/\/agora.xtec.cat\/iesacumella\/wp-json\/wp\/v2\/posts"}],"about":[{"href":"https:\/\/agora.xtec.cat\/iesacumella\/wp-json\/wp\/v2\/types\/post"}],"author":[{"embeddable":true,"href":"https:\/\/agora.xtec.cat\/iesacumella\/wp-json\/wp\/v2\/users\/16"}],"replies":[{"embeddable":true,"href":"https:\/\/agora.xtec.cat\/iesacumella\/wp-json\/wp\/v2\/comments?post=6118"}],"version-history":[{"count":3,"href":"https:\/\/agora.xtec.cat\/iesacumella\/wp-json\/wp\/v2\/posts\/6118\/revisions"}],"predecessor-version":[{"id":6168,"href":"https:\/\/agora.xtec.cat\/iesacumella\/wp-json\/wp\/v2\/posts\/6118\/revisions\/6168"}],"wp:featuredmedia":[{"embeddable":true,"href":"https:\/\/agora.xtec.cat\/iesacumella\/wp-json\/wp\/v2\/media\/6120"}],"wp:attachment":[{"href":"https:\/\/agora.xtec.cat\/iesacumella\/wp-json\/wp\/v2\/media?parent=6118"}],"wp:term":[{"taxonomy":"category","embeddable":true,"href":"https:\/\/agora.xtec.cat\/iesacumella\/wp-json\/wp\/v2\/categories?post=6118"},{"taxonomy":"post_tag","embeddable":true,"href":"https:\/\/agora.xtec.cat\/iesacumella\/wp-json\/wp\/v2\/tags?post=6118"}],"curies":[{"name":"wp","href":"https:\/\/api.w.org\/{rel}","templated":true}]}}