{"id":5686,"date":"2018-06-26T12:23:19","date_gmt":"2018-06-26T11:23:19","guid":{"rendered":"http:\/\/blog.iesacumella.cat\/?p=5686"},"modified":"2018-07-16T20:55:38","modified_gmt":"2018-07-16T18:55:38","slug":"reunio-pares-1r-secundaria","status":"publish","type":"post","link":"https:\/\/agora.xtec.cat\/iesacumella\/portada\/reunio-pares-1r-secundaria\/","title":{"rendered":"Reuni\u00f3 del pares 1r de secund\u00e0ria"},"content":{"rendered":"<p>Aqu\u00ed teniu disponible la presentaci\u00f3 que es va utilitzar a la reuni\u00f3 dels pares de primer de secund\u00e0ria del dilluns 25 de juny de 2018.<\/p>\n<p>&nbsp;<\/p>\n<p  style=\" margin: 12px auto 6px auto; font-family: Helvetica,Arial,Sans-serif; font-style: normal; font-variant: normal; font-weight: normal; font-size: 14px; line-height: normal; font-size-adjust: none; font-stretch: normal; -x-system-font: none; display: block;\">   <a title=\"View Reuni\u00f3 Pares 1ESO on Scribd\" href=\"https:\/\/www.scribd.com\/document\/383958016\/Reunio-Pares-1ESO#from_embed\"  style=\"text-decoration: underline;\" >Reuni\u00f3 Pares 1ESO<\/a> by <a title=\"View Llu\u00ed\u00ads Serra Gil's profile on Scribd\" href=\"https:\/\/www.scribd.com\/user\/364765361\/Llui-s-Serra-Gil#from_embed\"  style=\"text-decoration: underline;\" >Llu\u00ed\u00ads Serra Gil<\/a> on Scribd<\/p>\n<p><iframe loading=\"lazy\" class=\"scribd_iframe_embed\" title=\"Reuni\u00f3 Pares 1ESO\" src=\"https:\/\/www.scribd.com\/embeds\/383958016\/content?start_page=1&#038;view_mode=scroll&#038;access_key=key-RRVzrS6O5AVQZEFcfV8j&#038;show_recommendations=true\" data-auto-height=\"false\" data-aspect-ratio=\"1.7790927021696252\" scrolling=\"no\" id=\"doc_85028\" width=\"100%\" height=\"600\" frameborder=\"0\"><\/iframe><\/p>\n","protected":false},"excerpt":{"rendered":"<p>Aqu\u00ed teniu disponible la presentaci\u00f3 que es va utilitzar a la reuni\u00f3 dels pares de primer de secund\u00e0ria del dilluns 25 de juny de 2018.<br \/>\n&nbsp;<br \/>\n   <a title=\"View Reuni\u00f3 Pares 1ESO on Scribd\" href=\"https:\/\/www.scribd.com\/document\/383958016\/Reunio-Pares-1ESO#from_embed\"  style=\"text-decoration: underline;\" >Reuni\u00f3 Pares 1ESO<\/a> by <a title=\"View Llu\u00ed\u00ads&hellip;  <a href=\"https:\/\/agora.xtec.cat\/iesacumella\/portada\/reunio-pares-1r-secundaria\/\" title=\"Read Reuni\u00f3 del pares 1r de secund\u00e0ria\">Llegeix m\u00e9s\u00bb<\/a><\/p>\n","protected":false},"author":1,"featured_media":4975,"comment_status":"closed","ping_status":"closed","sticky":false,"template":"","format":"standard","meta":{"_bbp_topic_count":0,"_bbp_reply_count":0,"_bbp_total_topic_count":0,"_bbp_total_reply_count":0,"_bbp_voice_count":0,"_bbp_anonymous_reply_count":0,"_bbp_topic_count_hidden":0,"_bbp_reply_count_hidden":0,"_bbp_forum_subforum_count":0,"footnotes":""},"categories":[125,29],"tags":[],"class_list":["post-5686","post","type-post","status-publish","format-standard","has-post-thumbnail","hentry","category-1r-eso","category-portada"],"post_mailing_queue_ids":[],"_links":{"self":[{"href":"https:\/\/agora.xtec.cat\/iesacumella\/wp-json\/wp\/v2\/posts\/5686","targetHints":{"allow":["GET"]}}],"collection":[{"href":"https:\/\/agora.xtec.cat\/iesacumella\/wp-json\/wp\/v2\/posts"}],"about":[{"href":"https:\/\/agora.xtec.cat\/iesacumella\/wp-json\/wp\/v2\/types\/post"}],"author":[{"embeddable":true,"href":"https:\/\/agora.xtec.cat\/iesacumella\/wp-json\/wp\/v2\/users\/1"}],"replies":[{"embeddable":true,"href":"https:\/\/agora.xtec.cat\/iesacumella\/wp-json\/wp\/v2\/comments?post=5686"}],"version-history":[{"count":2,"href":"https:\/\/agora.xtec.cat\/iesacumella\/wp-json\/wp\/v2\/posts\/5686\/revisions"}],"predecessor-version":[{"id":6007,"href":"https:\/\/agora.xtec.cat\/iesacumella\/wp-json\/wp\/v2\/posts\/5686\/revisions\/6007"}],"wp:featuredmedia":[{"embeddable":true,"href":"https:\/\/agora.xtec.cat\/iesacumella\/wp-json\/wp\/v2\/media\/4975"}],"wp:attachment":[{"href":"https:\/\/agora.xtec.cat\/iesacumella\/wp-json\/wp\/v2\/media?parent=5686"}],"wp:term":[{"taxonomy":"category","embeddable":true,"href":"https:\/\/agora.xtec.cat\/iesacumella\/wp-json\/wp\/v2\/categories?post=5686"},{"taxonomy":"post_tag","embeddable":true,"href":"https:\/\/agora.xtec.cat\/iesacumella\/wp-json\/wp\/v2\/tags?post=5686"}],"curies":[{"name":"wp","href":"https:\/\/api.w.org\/{rel}","templated":true}]}}