{"id":5679,"date":"2018-06-22T09:51:57","date_gmt":"2018-06-22T08:51:57","guid":{"rendered":"http:\/\/blog.iesacumella.cat\/?p=5655"},"modified":"2018-07-16T18:25:38","modified_gmt":"2018-07-16T16:25:38","slug":"raul-navas-3r-premi-traduccio-grega-llatina","status":"publish","type":"post","link":"https:\/\/agora.xtec.cat\/iesacumella\/portada\/raul-navas-3r-premi-traduccio-grega-llatina\/","title":{"rendered":"RA\u00daL NAVAS, 3r PREMI DE TRADUCCI\u00d3  GREGA I LLATINA"},"content":{"rendered":"<p>Ahir , 21 de juny, vam ser convidats a la sala d\u2019actes de la facultat de Filosofia i Lletres de la UAB per con\u00e8ixer i recollir el premi de la <a href=\"http:\/\/blogs.uab.cat\/estudisclassics\/tag\/olimpiada\/\">IV Olimp\u00edada Cl\u00e0ssica<\/a>, que es va celebrar el 18 d\u2019abril i que consisteix, com b\u00e9 el nom indica, en una prova de traducci\u00f3 d\u2019un text grec i d\u2019un altre en llat\u00ed, acompanyats d\u2019un q\u00fcestionari de cultura cl\u00e0ssica, morfologia , sintaxi i vocabulari.<\/p>\n<p>Enguany nom\u00e9s es va presentar en Ra\u00fal, i les tres hores que va durar la prova, han donat el seu fruit<strong>: ha estat el 3r premi tan en llat\u00ed com en grec!!!!<\/strong> i encara que penseu que potser hi havia 4 gats, els participants eren 62!!!<\/p>\n<p><strong>FELICITATS!!!!<a href=\"http:\/\/agora.xtec.cat\/iesacumella\/wp-content\/uploads\/usu1642\/2018\/06\/IMG_20180621_163719.jpg\"><img loading=\"lazy\" decoding=\"async\" class=\"alignnone size-medium wp-image-5657\" src=\"http:\/\/agora.xtec.cat\/iesacumella\/wp-content\/uploads\/usu1642\/2018\/06\/IMG_20180621_163719-300x225.jpg\" alt=\"IMG_20180621_163719\" width=\"300\" height=\"225\" \/><\/a> <a href=\"http:\/\/agora.xtec.cat\/iesacumella\/wp-content\/uploads\/usu1642\/2018\/06\/IMG_20180621_173612.jpg\"><img loading=\"lazy\" decoding=\"async\" class=\"alignnone size-medium wp-image-5658\" src=\"http:\/\/agora.xtec.cat\/iesacumella\/wp-content\/uploads\/usu1642\/2018\/06\/IMG_20180621_173612-300x225.jpg\" alt=\"IMG_20180621_173612\" width=\"300\" height=\"225\" \/><\/a> <a href=\"http:\/\/agora.xtec.cat\/iesacumella\/wp-content\/uploads\/usu1642\/2018\/06\/IMG_20180621_184114.jpg\"><img loading=\"lazy\" decoding=\"async\" class=\"alignnone size-medium wp-image-5659\" src=\"http:\/\/agora.xtec.cat\/iesacumella\/wp-content\/uploads\/usu1642\/2018\/06\/IMG_20180621_184114-300x225.jpg\" alt=\"IMG_20180621_184114\" width=\"300\" height=\"225\" \/><\/a><\/strong><\/p>\n","protected":false},"excerpt":{"rendered":"<p>Ahir , 21 de juny, vam ser convidats a la sala d\u2019actes de la facultat de Filosofia i Lletres de la UAB per con\u00e8ixer i recollir el premi de la <a href=\"http:\/\/blogs.uab.cat\/estudisclassics\/tag\/olimpiada\/\">IV Olimp\u00edada Cl\u00e0ssica<\/a>, que es va celebrar el 18 d\u2019abril i que consisteix, com&hellip;  <a href=\"https:\/\/agora.xtec.cat\/iesacumella\/portada\/raul-navas-3r-premi-traduccio-grega-llatina\/\" title=\"Read RA\u00daL NAVAS, 3r PREMI DE TRADUCCI\u00d3  GREGA I LLATINA\">Llegeix m\u00e9s\u00bb<\/a><\/p>\n","protected":false},"author":1,"featured_media":5992,"comment_status":"closed","ping_status":"closed","sticky":false,"template":"","format":"standard","meta":{"_bbp_topic_count":0,"_bbp_reply_count":0,"_bbp_total_topic_count":0,"_bbp_total_reply_count":0,"_bbp_voice_count":0,"_bbp_anonymous_reply_count":0,"_bbp_topic_count_hidden":0,"_bbp_reply_count_hidden":0,"_bbp_forum_subforum_count":0,"footnotes":""},"categories":[29],"tags":[],"class_list":["post-5679","post","type-post","status-publish","format-standard","has-post-thumbnail","hentry","category-portada"],"post_mailing_queue_ids":[],"_links":{"self":[{"href":"https:\/\/agora.xtec.cat\/iesacumella\/wp-json\/wp\/v2\/posts\/5679","targetHints":{"allow":["GET"]}}],"collection":[{"href":"https:\/\/agora.xtec.cat\/iesacumella\/wp-json\/wp\/v2\/posts"}],"about":[{"href":"https:\/\/agora.xtec.cat\/iesacumella\/wp-json\/wp\/v2\/types\/post"}],"author":[{"embeddable":true,"href":"https:\/\/agora.xtec.cat\/iesacumella\/wp-json\/wp\/v2\/users\/1"}],"replies":[{"embeddable":true,"href":"https:\/\/agora.xtec.cat\/iesacumella\/wp-json\/wp\/v2\/comments?post=5679"}],"version-history":[{"count":1,"href":"https:\/\/agora.xtec.cat\/iesacumella\/wp-json\/wp\/v2\/posts\/5679\/revisions"}],"predecessor-version":[{"id":5788,"href":"https:\/\/agora.xtec.cat\/iesacumella\/wp-json\/wp\/v2\/posts\/5679\/revisions\/5788"}],"wp:featuredmedia":[{"embeddable":true,"href":"https:\/\/agora.xtec.cat\/iesacumella\/wp-json\/wp\/v2\/media\/5992"}],"wp:attachment":[{"href":"https:\/\/agora.xtec.cat\/iesacumella\/wp-json\/wp\/v2\/media?parent=5679"}],"wp:term":[{"taxonomy":"category","embeddable":true,"href":"https:\/\/agora.xtec.cat\/iesacumella\/wp-json\/wp\/v2\/categories?post=5679"},{"taxonomy":"post_tag","embeddable":true,"href":"https:\/\/agora.xtec.cat\/iesacumella\/wp-json\/wp\/v2\/tags?post=5679"}],"curies":[{"name":"wp","href":"https:\/\/api.w.org\/{rel}","templated":true}]}}