{"id":5677,"date":"2018-06-19T11:18:50","date_gmt":"2018-06-19T10:18:50","guid":{"rendered":"http:\/\/blog.iesacumella.cat\/?p=5593"},"modified":"2018-07-16T15:14:37","modified_gmt":"2018-07-16T13:14:37","slug":"documentacio-matricula-2018-2019-deso","status":"publish","type":"post","link":"https:\/\/agora.xtec.cat\/iesacumella\/portada\/documentacio-matricula-2018-2019-deso\/","title":{"rendered":"Documentaci\u00f3 per a la matr\u00edcula 2018 \/ 2019 d&#8217;ESO"},"content":{"rendered":"<p>A continuaci\u00f3 els adjuntem la documentaci\u00f3 necess\u00e0ria per a la matr\u00edcula del proper curs acad\u00e8mic 2018 \/ 2019 a l&#8217;ESO.<\/p>\n<p><a href=\"http:\/\/agora.xtec.cat\/iesacumella\/wp-content\/uploads\/usu1642\/2018\/06\/Matr\u00edcula-ESO.pdf\">Matr\u00edcula ESO<\/a><\/p>\n<p>Podeu formalitzar la matr\u00edcula, del 21 i el 27 de juny, a la Secretaria del centre\u00a0 en el seg\u00fcent horari:<\/p>\n<p><strong>Matins:<\/strong><br \/>\nde 10:30 h a 12:30 h<br \/>\n(de dilluns a divendres)<\/p>\n<p><strong>Tardes:<\/strong><br \/>\nde 16 h a 18 h<br \/>\n(dilluns i dimecres)<\/p>\n","protected":false},"excerpt":{"rendered":"<p>A continuaci\u00f3 els adjuntem la documentaci\u00f3 necess\u00e0ria per a la matr\u00edcula del proper curs acad\u00e8mic 2018 \/ 2019 a l&#8217;ESO.<br \/>\n<a href=\"http:\/\/agora.xtec.cat\/iesacumella\/wp-content\/uploads\/usu1642\/2018\/06\/Matr\u00edcula-ESO.pdf\">Matr\u00edcula ESO<\/a><br \/>\nPodeu formalitzar la matr\u00edcula, del 21 i el 27 de juny, a la Secretaria del centre\u00a0 en el seg\u00fcent horari:<br \/>\nMatins:<br \/>\nde 10:30 h a 12:30&hellip;  <a href=\"https:\/\/agora.xtec.cat\/iesacumella\/portada\/documentacio-matricula-2018-2019-deso\/\" title=\"Read Documentaci\u00f3 per a la matr\u00edcula 2018 \/ 2019 d&#8217;ESO\">Llegeix m\u00e9s\u00bb<\/a><\/p>\n","protected":false},"author":1,"featured_media":0,"comment_status":"closed","ping_status":"closed","sticky":false,"template":"","format":"standard","meta":{"_bbp_topic_count":0,"_bbp_reply_count":0,"_bbp_total_topic_count":0,"_bbp_total_reply_count":0,"_bbp_voice_count":0,"_bbp_anonymous_reply_count":0,"_bbp_topic_count_hidden":0,"_bbp_reply_count_hidden":0,"_bbp_forum_subforum_count":0,"footnotes":""},"categories":[29],"tags":[],"class_list":["post-5677","post","type-post","status-publish","format-standard","hentry","category-portada"],"post_mailing_queue_ids":[],"_links":{"self":[{"href":"https:\/\/agora.xtec.cat\/iesacumella\/wp-json\/wp\/v2\/posts\/5677","targetHints":{"allow":["GET"]}}],"collection":[{"href":"https:\/\/agora.xtec.cat\/iesacumella\/wp-json\/wp\/v2\/posts"}],"about":[{"href":"https:\/\/agora.xtec.cat\/iesacumella\/wp-json\/wp\/v2\/types\/post"}],"author":[{"embeddable":true,"href":"https:\/\/agora.xtec.cat\/iesacumella\/wp-json\/wp\/v2\/users\/1"}],"replies":[{"embeddable":true,"href":"https:\/\/agora.xtec.cat\/iesacumella\/wp-json\/wp\/v2\/comments?post=5677"}],"version-history":[{"count":1,"href":"https:\/\/agora.xtec.cat\/iesacumella\/wp-json\/wp\/v2\/posts\/5677\/revisions"}],"predecessor-version":[{"id":5794,"href":"https:\/\/agora.xtec.cat\/iesacumella\/wp-json\/wp\/v2\/posts\/5677\/revisions\/5794"}],"wp:attachment":[{"href":"https:\/\/agora.xtec.cat\/iesacumella\/wp-json\/wp\/v2\/media?parent=5677"}],"wp:term":[{"taxonomy":"category","embeddable":true,"href":"https:\/\/agora.xtec.cat\/iesacumella\/wp-json\/wp\/v2\/categories?post=5677"},{"taxonomy":"post_tag","embeddable":true,"href":"https:\/\/agora.xtec.cat\/iesacumella\/wp-json\/wp\/v2\/tags?post=5677"}],"curies":[{"name":"wp","href":"https:\/\/api.w.org\/{rel}","templated":true}]}}