{"id":5669,"date":"2018-06-08T12:29:52","date_gmt":"2018-06-08T11:29:52","guid":{"rendered":"http:\/\/blog.iesacumella.cat\/?p=5525"},"modified":"2018-07-16T15:15:26","modified_gmt":"2018-07-16T13:15:26","slug":"iii-assemblea-cooperatives-dalumnes","status":"publish","type":"post","link":"https:\/\/agora.xtec.cat\/iesacumella\/portada\/iii-assemblea-cooperatives-dalumnes\/","title":{"rendered":"III ASSEMBLEA DE COOPERATIVES D&#8217;ALUMNES"},"content":{"rendered":"<p>La Federaci\u00f3 de cooperatives d&#8217;alumnes escull el seu consell rector i el Jewandry De La Rosa de la Cooperativa Sewingwood de l&#8217;Institut Antoni Cumella, n&#8217;\u00e9s un nou membre. En el mateix acte, a l&#8217;hist\u00f2ric edifici de la Cooperativa Laboral de la Lleialtat Santsenca a Barcelona, s&#8217;ha presentat el balan\u00e7 d&#8217;activitats d&#8217;aquest darrer curs i la dada m\u00e9s significativa \u00e9s que Alumnes.coop, ha crescut un 31%, passant de les 81 cooperatives a la darrera assemblea a 110. Segons Joan Segarra, director de la Federaci\u00f3 de les Cooperatives d&#8217;Ensenyament de Catalunya &#8221; &#8230;s\u00f3n unes dades altament superades ja que l&#8217;expectativa era arribar just a la centena. &#8221;<\/p>\n<p>En aquest acte, les cooperatives han estat acompanyades pel Director General d&#8217;Economia Social, Cooperatives, Tercer Sector i Autoempresa de la Generalitat de Catalunya, Josep Vidal i el President de les Cooperatives d&#8217;Ensenyament de Catalunya, Josep Maria L\u00f3pez Fumat i presidida pel Vicepresident sortint d&#8217;alumnes.coop, Jan Chaure. A l\u2019assemblea, els representants de les cooperatives d\u2019alumnes han aprovat crear una comissi\u00f3 per modificar els seus estatuts, han aprovat l\u2019informe de gesti\u00f3 de 2017-18 i s\u2019han efectuat les eleccions per escollir el nou Consell Rector d\u2019Alumnes.Coop.<\/p>\n<p>Els seus nous representants seran:<\/p>\n<p>Nayra Ortiz \u2013 Creative Life de l\u2019Escola Salesianes de Terrassa<\/p>\n<p>S\u00e0ndal Vernet \u2013 Llu\u00eds Companys de l\u2019Escola Petit Plan\u00e7\u00f3 d\u2019Olot<\/p>\n<p>Carla Gomariz \u2013 Mem\u00f2ria en Conserva de l\u2019Escola Petit M\u00f3n-Felisa Bastida de Castelldefels<\/p>\n<p>Jeuandry de la Rosa \u2013 Sewingwook\/handwork de l\u2019Institut Antoni Cumella de Granollers<\/p>\n<p>Claudia Prat \u2013 PINISAN de l\u2019Escola Rel de Barcelona<\/p>\n<p>Anna Garrig\u00f3 \u2013 Creative Hands de l\u2019Escola Tecnos de Terrassa<\/p>\n<p>Estanis Giralt \u2013 SINS COOP de l\u2019Institut Cardener de Sant Joan de Vilatorrada<\/p>\n<p>Alejandro Corch\u00f3n \u2013 Aula 19 de l\u2019Escola Virolai de Barcelona<\/p>\n<p>En les properes setmanes, els membres del Consell Rector es reuniran per definir els diferents c\u00e0rrecs en aquest \u00f2rgan de govern.<\/p>\n<p>Els hi desitgem molta sort en aquest nou projecte !!<\/p>\n<p><a href=\"http:\/\/agora.xtec.cat\/iesacumella\/wp-content\/uploads\/usu1642\/2018\/06\/20180604_113633-\u00c0ngel-Gallart.jpg\"><img loading=\"lazy\" decoding=\"async\" class=\"aligncenter size-medium wp-image-5524\" src=\"http:\/\/agora.xtec.cat\/iesacumella\/wp-content\/uploads\/usu1642\/2018\/06\/20180604_113633-\u00c0ngel-Gallart-300x225.jpg\" alt=\"20180604_113633 - \u00c0ngel Gallart\" width=\"300\" height=\"225\" \/><\/a> <a href=\"http:\/\/agora.xtec.cat\/iesacumella\/wp-content\/uploads\/usu1642\/2018\/06\/20180604_113621-\u00c0ngel-Gallart.jpg\"><img loading=\"lazy\" decoding=\"async\" class=\"aligncenter size-medium wp-image-5523\" src=\"http:\/\/agora.xtec.cat\/iesacumella\/wp-content\/uploads\/usu1642\/2018\/06\/20180604_113621-\u00c0ngel-Gallart-300x225.jpg\" alt=\"20180604_113621 - \u00c0ngel Gallart\" width=\"300\" height=\"225\" \/><\/a> <a href=\"http:\/\/agora.xtec.cat\/iesacumella\/wp-content\/uploads\/usu1642\/2018\/06\/20180604_111044-\u00c0ngel-Gallart.jpg\"><img loading=\"lazy\" decoding=\"async\" class=\"aligncenter size-medium wp-image-5522\" src=\"http:\/\/agora.xtec.cat\/iesacumella\/wp-content\/uploads\/usu1642\/2018\/06\/20180604_111044-\u00c0ngel-Gallart-300x225.jpg\" alt=\"20180604_111044 - \u00c0ngel Gallart\" width=\"300\" height=\"225\" srcset=\"https:\/\/agora.xtec.cat\/iesacumella\/wp-content\/uploads\/usu1642\/2018\/06\/20180604_111044-\u00c0ngel-Gallart-300x225.jpg 300w, https:\/\/agora.xtec.cat\/iesacumella\/wp-content\/uploads\/usu1642\/2018\/06\/20180604_111044-\u00c0ngel-Gallart-768x576.jpg 768w, https:\/\/agora.xtec.cat\/iesacumella\/wp-content\/uploads\/usu1642\/2018\/06\/20180604_111044-\u00c0ngel-Gallart-1024x768.jpg 1024w, https:\/\/agora.xtec.cat\/iesacumella\/wp-content\/uploads\/usu1642\/2018\/06\/20180604_111044-\u00c0ngel-Gallart-200x150.jpg 200w\" sizes=\"auto, (max-width: 300px) 100vw, 300px\" \/><\/a><\/p>\n","protected":false},"excerpt":{"rendered":"<p>La Federaci\u00f3 de cooperatives d&#8217;alumnes escull el seu consell rector i el Jewandry De La Rosa de la Cooperativa Sewingwood de l&#8217;Institut Antoni Cumella, n&#8217;\u00e9s un nou membre. En el mateix acte, a l&#8217;hist\u00f2ric edifici de la Cooperativa Laboral de la Lleialtat Santsenca a Barcelona,&hellip;  <a href=\"https:\/\/agora.xtec.cat\/iesacumella\/portada\/iii-assemblea-cooperatives-dalumnes\/\" title=\"Read III ASSEMBLEA DE COOPERATIVES D&#8217;ALUMNES\">Llegeix m\u00e9s\u00bb<\/a><\/p>\n","protected":false},"author":1,"featured_media":5522,"comment_status":"closed","ping_status":"closed","sticky":false,"template":"","format":"standard","meta":{"_bbp_topic_count":0,"_bbp_reply_count":0,"_bbp_total_topic_count":0,"_bbp_total_reply_count":0,"_bbp_voice_count":0,"_bbp_anonymous_reply_count":0,"_bbp_topic_count_hidden":0,"_bbp_reply_count_hidden":0,"_bbp_forum_subforum_count":0,"footnotes":""},"categories":[29],"tags":[],"class_list":["post-5669","post","type-post","status-publish","format-standard","has-post-thumbnail","hentry","category-portada"],"post_mailing_queue_ids":[],"_links":{"self":[{"href":"https:\/\/agora.xtec.cat\/iesacumella\/wp-json\/wp\/v2\/posts\/5669","targetHints":{"allow":["GET"]}}],"collection":[{"href":"https:\/\/agora.xtec.cat\/iesacumella\/wp-json\/wp\/v2\/posts"}],"about":[{"href":"https:\/\/agora.xtec.cat\/iesacumella\/wp-json\/wp\/v2\/types\/post"}],"author":[{"embeddable":true,"href":"https:\/\/agora.xtec.cat\/iesacumella\/wp-json\/wp\/v2\/users\/1"}],"replies":[{"embeddable":true,"href":"https:\/\/agora.xtec.cat\/iesacumella\/wp-json\/wp\/v2\/comments?post=5669"}],"version-history":[{"count":1,"href":"https:\/\/agora.xtec.cat\/iesacumella\/wp-json\/wp\/v2\/posts\/5669\/revisions"}],"predecessor-version":[{"id":5803,"href":"https:\/\/agora.xtec.cat\/iesacumella\/wp-json\/wp\/v2\/posts\/5669\/revisions\/5803"}],"wp:featuredmedia":[{"embeddable":true,"href":"https:\/\/agora.xtec.cat\/iesacumella\/wp-json\/wp\/v2\/media\/5522"}],"wp:attachment":[{"href":"https:\/\/agora.xtec.cat\/iesacumella\/wp-json\/wp\/v2\/media?parent=5669"}],"wp:term":[{"taxonomy":"category","embeddable":true,"href":"https:\/\/agora.xtec.cat\/iesacumella\/wp-json\/wp\/v2\/categories?post=5669"},{"taxonomy":"post_tag","embeddable":true,"href":"https:\/\/agora.xtec.cat\/iesacumella\/wp-json\/wp\/v2\/tags?post=5669"}],"curies":[{"name":"wp","href":"https:\/\/api.w.org\/{rel}","templated":true}]}}