{"id":5668,"date":"2018-06-08T12:15:52","date_gmt":"2018-06-08T11:15:52","guid":{"rendered":"http:\/\/blog.iesacumella.cat\/?p=5515"},"modified":"2018-07-16T15:15:26","modified_gmt":"2018-07-16T13:15:26","slug":"sortida-dels-alumnes-4rt-deso-museo-tela","status":"publish","type":"post","link":"https:\/\/agora.xtec.cat\/iesacumella\/portada\/sortida-dels-alumnes-4rt-deso-museo-tela\/","title":{"rendered":"Sortida dels alumnes de 4rt d&#8217;ESO al museu de La Tela"},"content":{"rendered":"<p>Els alumnes de 4ESO de la mat\u00e8ria de Biologia i Geologia hem visitat el museu de La Tela de Granollers i hem realitzat l&#8217;activitat HIST\u00d2RIA DE LA TERRA. Hem fet un recorregut pels principals esdeveniments que han perm\u00e8s l\u2019aparici\u00f3, el desenvolupament i l\u2019evoluci\u00f3 de la vida a la Terra a partir de les peces f\u00f2ssils de la col\u00b7lecci\u00f3 del Museu. Tamb\u00e9 hem identificat f\u00f2ssils caracter\u00edstics, ens han \u2019explicat el proc\u00e9s de fossilitzaci\u00f3 i hem reconegut les eres geol\u00f2giques a partir de f\u00f2ssils guia. <a href=\"http:\/\/agora.xtec.cat\/iesacumella\/wp-content\/uploads\/usu1642\/2018\/06\/foto-4t-eso-la-tela-17-18-Elvira-Garc\u00c3\u00ada-Andreu.jpg\"><img loading=\"lazy\" decoding=\"async\" width=\"5312\" height=\"2988\" class=\"aligncenter size-full wp-image-5514\" src=\"http:\/\/agora.xtec.cat\/iesacumella\/wp-content\/uploads\/usu1642\/2018\/06\/foto-4t-eso-la-tela-17-18-Elvira-Garc\u00c3\u00ada-Andreu.jpg\" alt=\"foto 4t eso la tela 17-18 - Elvira Garc\u00c3\u00ada Andreu\" srcset=\"https:\/\/agora.xtec.cat\/iesacumella\/wp-content\/uploads\/usu1642\/2018\/06\/foto-4t-eso-la-tela-17-18-Elvira-Garc\u00c3\u00ada-Andreu.jpg 5312w, https:\/\/agora.xtec.cat\/iesacumella\/wp-content\/uploads\/usu1642\/2018\/06\/foto-4t-eso-la-tela-17-18-Elvira-Garc\u00c3\u00ada-Andreu-300x169.jpg 300w, https:\/\/agora.xtec.cat\/iesacumella\/wp-content\/uploads\/usu1642\/2018\/06\/foto-4t-eso-la-tela-17-18-Elvira-Garc\u00c3\u00ada-Andreu-768x432.jpg 768w, https:\/\/agora.xtec.cat\/iesacumella\/wp-content\/uploads\/usu1642\/2018\/06\/foto-4t-eso-la-tela-17-18-Elvira-Garc\u00c3\u00ada-Andreu-1024x576.jpg 1024w\" sizes=\"auto, (max-width: 5312px) 100vw, 5312px\" \/><\/a><\/p>\n","protected":false},"excerpt":{"rendered":"<p>Els alumnes de 4ESO de la mat\u00e8ria de Biologia i Geologia hem visitat el museu de La Tela de Granollers i hem realitzat l&#8217;activitat HIST\u00d2RIA DE LA TERRA. Hem fet un recorregut pels principals esdeveniments que han perm\u00e8s l\u2019aparici\u00f3, el desenvolupament i l\u2019evoluci\u00f3 de la&hellip;  <a href=\"https:\/\/agora.xtec.cat\/iesacumella\/portada\/sortida-dels-alumnes-4rt-deso-museo-tela\/\" title=\"Read Sortida dels alumnes de 4rt d&#8217;ESO al museu de La Tela\">Llegeix m\u00e9s\u00bb<\/a><\/p>\n","protected":false},"author":1,"featured_media":5514,"comment_status":"closed","ping_status":"closed","sticky":false,"template":"","format":"standard","meta":{"_bbp_topic_count":0,"_bbp_reply_count":0,"_bbp_total_topic_count":0,"_bbp_total_reply_count":0,"_bbp_voice_count":0,"_bbp_anonymous_reply_count":0,"_bbp_topic_count_hidden":0,"_bbp_reply_count_hidden":0,"_bbp_forum_subforum_count":0,"footnotes":""},"categories":[29],"tags":[],"class_list":["post-5668","post","type-post","status-publish","format-standard","has-post-thumbnail","hentry","category-portada"],"post_mailing_queue_ids":[],"_links":{"self":[{"href":"https:\/\/agora.xtec.cat\/iesacumella\/wp-json\/wp\/v2\/posts\/5668","targetHints":{"allow":["GET"]}}],"collection":[{"href":"https:\/\/agora.xtec.cat\/iesacumella\/wp-json\/wp\/v2\/posts"}],"about":[{"href":"https:\/\/agora.xtec.cat\/iesacumella\/wp-json\/wp\/v2\/types\/post"}],"author":[{"embeddable":true,"href":"https:\/\/agora.xtec.cat\/iesacumella\/wp-json\/wp\/v2\/users\/1"}],"replies":[{"embeddable":true,"href":"https:\/\/agora.xtec.cat\/iesacumella\/wp-json\/wp\/v2\/comments?post=5668"}],"version-history":[{"count":1,"href":"https:\/\/agora.xtec.cat\/iesacumella\/wp-json\/wp\/v2\/posts\/5668\/revisions"}],"predecessor-version":[{"id":5804,"href":"https:\/\/agora.xtec.cat\/iesacumella\/wp-json\/wp\/v2\/posts\/5668\/revisions\/5804"}],"wp:featuredmedia":[{"embeddable":true,"href":"https:\/\/agora.xtec.cat\/iesacumella\/wp-json\/wp\/v2\/media\/5514"}],"wp:attachment":[{"href":"https:\/\/agora.xtec.cat\/iesacumella\/wp-json\/wp\/v2\/media?parent=5668"}],"wp:term":[{"taxonomy":"category","embeddable":true,"href":"https:\/\/agora.xtec.cat\/iesacumella\/wp-json\/wp\/v2\/categories?post=5668"},{"taxonomy":"post_tag","embeddable":true,"href":"https:\/\/agora.xtec.cat\/iesacumella\/wp-json\/wp\/v2\/tags?post=5668"}],"curies":[{"name":"wp","href":"https:\/\/api.w.org\/{rel}","templated":true}]}}