{"id":5667,"date":"2018-06-08T12:10:13","date_gmt":"2018-06-08T11:10:13","guid":{"rendered":"http:\/\/blog.iesacumella.cat\/?p=5507"},"modified":"2018-07-16T15:15:26","modified_gmt":"2018-07-16T13:15:26","slug":"travessa-del-tagamanent","status":"publish","type":"post","link":"https:\/\/agora.xtec.cat\/iesacumella\/portada\/travessa-del-tagamanent\/","title":{"rendered":"Travessa del Tagamanent"},"content":{"rendered":"<p>El passat dilluns 14 de maig es va realitzar la travessa des d&#8217;Aiguafreda a Figar\u00f3 passant per el cim del Tagamanent (en aquesta ocasi\u00f3, per obres de manteniment vam arribar a la masia del Bellver). La sortida est\u00e0 emmarcada en una s\u00e8rie de sortides per la part alta de la comarca, sempre seguint el riu Congost, amb l&#8217;objectiu de con\u00e8ixer el medi natural i la geografia de la nostra comarca. Es valora tamb\u00e9 l&#8217;esfor\u00e7 f\u00edsic que implica la caminada i l&#8217;actitud amb que s&#8217;hi fa front. Un dia per gaudir de la primavera passejant per el parc natural del Montseny, reserva de la biosfera.<\/p>\n<p><a href=\"http:\/\/agora.xtec.cat\/iesacumella\/wp-content\/uploads\/usu1642\/2018\/06\/IMG_20180515_112614-1-Uru-Guinart.jpg\"><img loading=\"lazy\" decoding=\"async\" class=\"aligncenter size-medium wp-image-5506\" src=\"http:\/\/agora.xtec.cat\/iesacumella\/wp-content\/uploads\/usu1642\/2018\/06\/IMG_20180515_112614-1-Uru-Guinart-300x169.jpg\" alt=\"IMG_20180515_112614 (1) - Uru Guinart\" width=\"300\" height=\"169\" \/><\/a> <a href=\"http:\/\/agora.xtec.cat\/iesacumella\/wp-content\/uploads\/usu1642\/2018\/06\/IMG-20180516-WA0005-Uru-Guinart.jpg\"><img loading=\"lazy\" decoding=\"async\" class=\"aligncenter size-medium wp-image-5505\" src=\"http:\/\/agora.xtec.cat\/iesacumella\/wp-content\/uploads\/usu1642\/2018\/06\/IMG-20180516-WA0005-Uru-Guinart-300x225.jpg\" alt=\"IMG-20180516-WA0005 - Uru Guinart\" width=\"300\" height=\"225\" \/><\/a> <a href=\"http:\/\/agora.xtec.cat\/iesacumella\/wp-content\/uploads\/usu1642\/2018\/06\/IMG-20180516-WA0004-Uru-Guinart.jpg\"><img loading=\"lazy\" decoding=\"async\" class=\"aligncenter size-medium wp-image-5504\" src=\"http:\/\/agora.xtec.cat\/iesacumella\/wp-content\/uploads\/usu1642\/2018\/06\/IMG-20180516-WA0004-Uru-Guinart-300x225.jpg\" alt=\"IMG-20180516-WA0004 - Uru Guinart\" width=\"300\" height=\"225\" \/><\/a> <a href=\"http:\/\/agora.xtec.cat\/iesacumella\/wp-content\/uploads\/usu1642\/2018\/06\/IMG_20180515_133151-Uru-Guinart.jpg\"><img loading=\"lazy\" decoding=\"async\" class=\"aligncenter size-medium wp-image-5503\" src=\"http:\/\/agora.xtec.cat\/iesacumella\/wp-content\/uploads\/usu1642\/2018\/06\/IMG_20180515_133151-Uru-Guinart-300x169.jpg\" alt=\"IMG_20180515_133151 - Uru Guinart\" width=\"300\" height=\"169\" \/><\/a><\/p>\n","protected":false},"excerpt":{"rendered":"<p>El passat dilluns 14 de maig es va realitzar la travessa des d&#8217;Aiguafreda a Figar\u00f3 passant per el cim del Tagamanent (en aquesta ocasi\u00f3, per obres de manteniment vam arribar a la masia del Bellver). La sortida est\u00e0 emmarcada en una s\u00e8rie de sortides per&hellip;  <a href=\"https:\/\/agora.xtec.cat\/iesacumella\/portada\/travessa-del-tagamanent\/\" title=\"Read Travessa del Tagamanent\">Llegeix m\u00e9s\u00bb<\/a><\/p>\n","protected":false},"author":1,"featured_media":5503,"comment_status":"closed","ping_status":"closed","sticky":false,"template":"","format":"standard","meta":{"_bbp_topic_count":0,"_bbp_reply_count":0,"_bbp_total_topic_count":0,"_bbp_total_reply_count":0,"_bbp_voice_count":0,"_bbp_anonymous_reply_count":0,"_bbp_topic_count_hidden":0,"_bbp_reply_count_hidden":0,"_bbp_forum_subforum_count":0,"footnotes":""},"categories":[29],"tags":[],"class_list":["post-5667","post","type-post","status-publish","format-standard","has-post-thumbnail","hentry","category-portada"],"post_mailing_queue_ids":[],"_links":{"self":[{"href":"https:\/\/agora.xtec.cat\/iesacumella\/wp-json\/wp\/v2\/posts\/5667","targetHints":{"allow":["GET"]}}],"collection":[{"href":"https:\/\/agora.xtec.cat\/iesacumella\/wp-json\/wp\/v2\/posts"}],"about":[{"href":"https:\/\/agora.xtec.cat\/iesacumella\/wp-json\/wp\/v2\/types\/post"}],"author":[{"embeddable":true,"href":"https:\/\/agora.xtec.cat\/iesacumella\/wp-json\/wp\/v2\/users\/1"}],"replies":[{"embeddable":true,"href":"https:\/\/agora.xtec.cat\/iesacumella\/wp-json\/wp\/v2\/comments?post=5667"}],"version-history":[{"count":1,"href":"https:\/\/agora.xtec.cat\/iesacumella\/wp-json\/wp\/v2\/posts\/5667\/revisions"}],"predecessor-version":[{"id":5806,"href":"https:\/\/agora.xtec.cat\/iesacumella\/wp-json\/wp\/v2\/posts\/5667\/revisions\/5806"}],"wp:featuredmedia":[{"embeddable":true,"href":"https:\/\/agora.xtec.cat\/iesacumella\/wp-json\/"}],"wp:attachment":[{"href":"https:\/\/agora.xtec.cat\/iesacumella\/wp-json\/wp\/v2\/media?parent=5667"}],"wp:term":[{"taxonomy":"category","embeddable":true,"href":"https:\/\/agora.xtec.cat\/iesacumella\/wp-json\/wp\/v2\/categories?post=5667"},{"taxonomy":"post_tag","embeddable":true,"href":"https:\/\/agora.xtec.cat\/iesacumella\/wp-json\/wp\/v2\/tags?post=5667"}],"curies":[{"name":"wp","href":"https:\/\/api.w.org\/{rel}","templated":true}]}}