{"id":5662,"date":"2018-05-05T17:18:10","date_gmt":"2018-05-05T16:18:10","guid":{"rendered":"http:\/\/blog.iesacumella.cat\/?p=5445"},"modified":"2018-07-16T15:15:50","modified_gmt":"2018-07-16T13:15:50","slug":"batxillerat-nocturn-3","status":"publish","type":"post","link":"https:\/\/agora.xtec.cat\/iesacumella\/portada\/batxillerat-nocturn-3\/","title":{"rendered":"Batxillerat nocturn"},"content":{"rendered":"<p>l\u2019INS Antoni Cumella ofereix, entre tota la seva oferta educativa, la modalitat de Batxillerat en horari nocturn.<\/p>\n<p>Per aquells que no coneguin les especificitats (i avantatges) del Batxillerat Nocturn en fem un resum:<\/p>\n<ul>\n<li>T\u00e9 una gran\u00a0<b>FLEXIBILITAT:<\/b><\/li>\n<li>3 cursos previstos per fer el batxillerat nocturn, tot i que es pot fer en 2<\/li>\n<li>Es poden repetir les assignatures suspeses de 1r, combinant-les amb algunes de 2n<\/li>\n<li>No es repeteixen cursos sencers, nom\u00e9s assignatures suspeses.<\/li>\n<li>Ofereix una\u00a0<b>ATENCI\u00d3 INDIVIDUALITZADA<\/b>\u00a0per mitj\u00e0 de l\u2019oferta d\u2019assignatures optatives adre\u00e7ades al refor\u00e7 de compet\u00e8ncies b\u00e0siques (angl\u00e8s, tallers de comprensi\u00f3 lectora i expressi\u00f3 escrita, inform\u00e0tica.)<\/li>\n<li>permet la\u00a0<b>CONVALIDACI\u00d3<\/b>\u00a0del \u201ctreball de recerca\u201d amb un justificant de feina<\/li>\n<li>t\u00e9 el seg\u00fcent\u00a0<b>MARC HORARI<\/b>: de 17h a 22:15h, \u00a0amb un descans de 20 minuts.<\/li>\n<\/ul>\n<p>I com a altres dades d\u2019inter\u00e8s, podr\u00edem destacar que:<\/p>\n<ul>\n<li>La ubicaci\u00f3 de l\u2019institut \u00e9s a 5 minuts del centre de Granollers<\/li>\n<li>T\u00e9 a prop dues l\u00ednies de Renfe Rodalies, diferents l\u00ednies d\u2019autobusos i p\u00e0rquings gratu\u00efts<\/li>\n<li>\u00danic centre de Batxillerat Nocturn del Maresme i del Vall\u00e8s Oriental.<\/li>\n<li>L&#8217;ambient a nocturn \u00e9s divers amb una mitjana d&#8217;edat jove i tothom hi encaixa.<\/li>\n<\/ul>\n<p><a href=\"http:\/\/agora.xtec.cat\/iesacumella\/wp-content\/uploads\/usu1642\/2018\/05\/cartell-2-2018-001-800x400-1.jpg\"><img loading=\"lazy\" decoding=\"async\" class=\"alignnone size-medium wp-image-5448\" src=\"http:\/\/agora.xtec.cat\/iesacumella\/wp-content\/uploads\/usu1642\/2018\/05\/cartell-2-2018-001-800x400-1-300x150.jpg\" alt=\"cartell 2 2018-001 (800x400)\" width=\"300\" height=\"150\" \/><\/a><\/p>\n","protected":false},"excerpt":{"rendered":"<p>l\u2019INS Antoni Cumella ofereix, entre tota la seva oferta educativa, la modalitat de Batxillerat en horari nocturn.<br \/>\nPer aquells que no coneguin les especificitats (i avantatges) del Batxillerat Nocturn en fem un resum:<\/p>\n<ul>\n<li>T\u00e9 una gran\u00a0FLEXIBILITAT:<\/li>\n<li>3 cursos previstos per fer el batxillerat nocturn, tot i que es&hellip;  <a href=\"https:\/\/agora.xtec.cat\/iesacumella\/portada\/batxillerat-nocturn-3\/\" title=\"Read Batxillerat nocturn\">Llegeix m\u00e9s\u00bb<\/a><br \/>\n","protected":false},"author":1,"featured_media":5448,"comment_status":"closed","ping_status":"closed","sticky":false,"template":"","format":"standard","meta":{"_bbp_topic_count":0,"_bbp_reply_count":0,"_bbp_total_topic_count":0,"_bbp_total_reply_count":0,"_bbp_voice_count":0,"_bbp_anonymous_reply_count":0,"_bbp_topic_count_hidden":0,"_bbp_reply_count_hidden":0,"_bbp_forum_subforum_count":0,"footnotes":""},"categories":[29],"tags":[],"class_list":["post-5662","post","type-post","status-publish","format-standard","has-post-thumbnail","hentry","category-portada"],"post_mailing_queue_ids":[],"_links":{"self":[{"href":"https:\/\/agora.xtec.cat\/iesacumella\/wp-json\/wp\/v2\/posts\/5662","targetHints":{"allow":["GET"]}}],"collection":[{"href":"https:\/\/agora.xtec.cat\/iesacumella\/wp-json\/wp\/v2\/posts"}],"about":[{"href":"https:\/\/agora.xtec.cat\/iesacumella\/wp-json\/wp\/v2\/types\/post"}],"author":[{"embeddable":true,"href":"https:\/\/agora.xtec.cat\/iesacumella\/wp-json\/wp\/v2\/users\/1"}],"replies":[{"embeddable":true,"href":"https:\/\/agora.xtec.cat\/iesacumella\/wp-json\/wp\/v2\/comments?post=5662"}],"version-history":[{"count":1,"href":"https:\/\/agora.xtec.cat\/iesacumella\/wp-json\/wp\/v2\/posts\/5662\/revisions"}],"predecessor-version":[{"id":5813,"href":"https:\/\/agora.xtec.cat\/iesacumella\/wp-json\/wp\/v2\/posts\/5662\/revisions\/5813"}],"wp:featuredmedia":[{"embeddable":true,"href":"https:\/\/agora.xtec.cat\/iesacumella\/wp-json\/"}],"wp:attachment":[{"href":"https:\/\/agora.xtec.cat\/iesacumella\/wp-json\/wp\/v2\/media?parent=5662"}],"wp:term":[{"taxonomy":"category","embeddable":true,"href":"https:\/\/agora.xtec.cat\/iesacumella\/wp-json\/wp\/v2\/categories?post=5662"},{"taxonomy":"post_tag","embeddable":true,"href":"https:\/\/agora.xtec.cat\/iesacumella\/wp-json\/wp\/v2\/tags?post=5662"}],"curies":[{"name":"wp","href":"https:\/\/api.w.org\/{rel}","templated":true}]}}