{"id":5660,"date":"2018-05-01T17:29:36","date_gmt":"2018-05-01T16:29:36","guid":{"rendered":"http:\/\/blog.iesacumella.cat\/?p=5410"},"modified":"2018-07-16T15:15:50","modified_gmt":"2018-07-16T13:15:50","slug":"mercat-tecnologia-granollers-roca-umbert","status":"publish","type":"post","link":"https:\/\/agora.xtec.cat\/iesacumella\/portada\/mercat-tecnologia-granollers-roca-umbert\/","title":{"rendered":"Mercat de Tecnologia de Granollers a Roca Umbert."},"content":{"rendered":"<p>Aquest dijous 26 d\u2019abril els alumnes de segon i tercer d\u2019ESO de\u00a0 l\u2019Institut Antoni Cumella han visitat el Mercat de Tecnologia de Granollers al Centre Roca Umbert.<\/p>\n<p>https:\/\/www.naciodigital.cat\/naciogranollers\/noticia\/27437\/600\/alumnes\/participen\/al\/4t\/mercat\/tecnologia\/roca\/umbert<\/p>\n<p>Uns 600 estudiants\u00a0de secund\u00e0ria dels instituts\u00a0Marta Estrada, Celest\u00ed Bellera, Carles Vallbona, Antoni Cumella, EMT, Escola Pia i L&#8217;Estel\u00a0han participat en aquest iniciativa municipal promoguda amb el professorat de tecnologia de diferents centres de la ciutat, amb l&#8217;objectiu d&#8217;apropar aquesta mat\u00e8ria als joves.<\/p>\n<div class=\"row\">\n<div class=\"col-md-10 columnatextnoticia\">\n<div class=\"row\">\n<div id=\"_markupCos\" class=\"textnoticia col-md-12\">\n<p>A la nau Dents de Serra, els mateixos alumnes han exposat i presentat\u00a0m\u00e9s de 40 treballs tecnol\u00f2gics\u00a0fets a l\u2019aula, amb els quals els seus companys han pogut experimentar i aprendre. Estudiants de cicles formatius de mec\u00e0nica, inform\u00e0tica i qu\u00edmica han compartit el seus treballs i experi\u00e8ncia acad\u00e8mica amb els alumnes d&#8217;ESO a la sala de l&#8217;Aplegador, a la Troca.<\/p>\n<p>Al llarg del mat\u00ed, els estudiants s&#8217;han apuntat als tallers -m\u00e9s de 45- de 12 mat\u00e8ries diferents que han tingut lloc en grups redu\u00efts\u00a0a la Troca, el Centre Tecnol\u00f2gic, la Nau B1 o el taller Sarandaca: tecnologia i autonomia personal amb S\u00edrius, centre municipal per a l&#8217;autonomia personal; experi\u00e8ncies pr\u00e0ctiques amb artistes de Roca Umbert, electr\u00f2nica, ficcions sonores, multic\u00f2pters (robots voladors o drons),\u00a0 realitzaci\u00f3 audiovisual, m\u00fasica electr\u00f2nica, art i tecnologia, els dilemes de la privacitat a Internet, s\u00f3n algunes de les activitats pr\u00e0ctiques a les quals han pres part.<\/p>\n<\/div>\n<\/div>\n<div class=\"textnoticia col-md-12\">\n<p><a href=\"http:\/\/agora.xtec.cat\/iesacumella\/wp-content\/uploads\/usu1642\/2018\/05\/IMG_20180426_132440-C\u00f2pia.jpg\"><img loading=\"lazy\" decoding=\"async\" class=\"size-medium wp-image-5412\" src=\"http:\/\/agora.xtec.cat\/iesacumella\/wp-content\/uploads\/usu1642\/2018\/05\/IMG_20180426_132440-C\u00f2pia-300x225.jpg\" alt=\"sdr\" width=\"300\" height=\"225\" \/><\/a><\/p>\n<p><a href=\"http:\/\/agora.xtec.cat\/iesacumella\/wp-content\/uploads\/usu1642\/2018\/05\/IMG_20180426_132425-C\u00f2pia.jpg\"><img loading=\"lazy\" decoding=\"async\" class=\"size-medium wp-image-5413\" src=\"http:\/\/agora.xtec.cat\/iesacumella\/wp-content\/uploads\/usu1642\/2018\/05\/IMG_20180426_132425-C\u00f2pia-300x225.jpg\" alt=\"sdr\" width=\"300\" height=\"225\" \/><\/a><\/p>\n<p><a href=\"http:\/\/agora.xtec.cat\/iesacumella\/wp-content\/uploads\/usu1642\/2018\/05\/20180426_130158-C\u00f2pia.jpg\"><img loading=\"lazy\" decoding=\"async\" class=\"alignnone size-medium wp-image-5414\" src=\"http:\/\/agora.xtec.cat\/iesacumella\/wp-content\/uploads\/usu1642\/2018\/05\/20180426_130158-C\u00f2pia-300x169.jpg\" alt=\"20180426_130158 - C\u00f2pia\" width=\"300\" height=\"169\" srcset=\"https:\/\/agora.xtec.cat\/iesacumella\/wp-content\/uploads\/usu1642\/2018\/05\/20180426_130158-C\u00f2pia-300x169.jpg 300w, https:\/\/agora.xtec.cat\/iesacumella\/wp-content\/uploads\/usu1642\/2018\/05\/20180426_130158-C\u00f2pia-768x432.jpg 768w, https:\/\/agora.xtec.cat\/iesacumella\/wp-content\/uploads\/usu1642\/2018\/05\/20180426_130158-C\u00f2pia-1024x576.jpg 1024w\" sizes=\"auto, (max-width: 300px) 100vw, 300px\" \/><\/a><\/p>\n<figure class=\"figure wp-caption alignnone\"><a href=\"http:\/\/agora.xtec.cat\/iesacumella\/wp-content\/uploads\/usu1642\/2018\/05\/IMG_20180426_124847-C\u00f2pia.jpg\"><img loading=\"lazy\" decoding=\"async\" class=\"size-medium wp-image-5415\" src=\"http:\/\/agora.xtec.cat\/iesacumella\/wp-content\/uploads\/usu1642\/2018\/05\/IMG_20180426_124847-C\u00f2pia-300x225.jpg\" alt=\"dav\" width=\"300\" height=\"225\" srcset=\"https:\/\/agora.xtec.cat\/iesacumella\/wp-content\/uploads\/usu1642\/2018\/05\/IMG_20180426_124847-C\u00f2pia-300x225.jpg 300w, https:\/\/agora.xtec.cat\/iesacumella\/wp-content\/uploads\/usu1642\/2018\/05\/IMG_20180426_124847-C\u00f2pia-768x576.jpg 768w, https:\/\/agora.xtec.cat\/iesacumella\/wp-content\/uploads\/usu1642\/2018\/05\/IMG_20180426_124847-C\u00f2pia-1024x768.jpg 1024w, https:\/\/agora.xtec.cat\/iesacumella\/wp-content\/uploads\/usu1642\/2018\/05\/IMG_20180426_124847-C\u00f2pia-200x150.jpg 200w\" sizes=\"auto, (max-width: 300px) 100vw, 300px\" \/><\/a><figcaption class=\"wp-caption-text\">dav<\/figcaption><\/figure>\n<p><a href=\"http:\/\/agora.xtec.cat\/iesacumella\/wp-content\/uploads\/usu1642\/2018\/05\/IMG_20180426_123431-C\u00f2pia.jpg\"><img loading=\"lazy\" decoding=\"async\" class=\"size-medium wp-image-5416\" src=\"http:\/\/agora.xtec.cat\/iesacumella\/wp-content\/uploads\/usu1642\/2018\/05\/IMG_20180426_123431-C\u00f2pia-300x225.jpg\" alt=\"dav\" width=\"300\" height=\"225\" srcset=\"https:\/\/agora.xtec.cat\/iesacumella\/wp-content\/uploads\/usu1642\/2018\/05\/IMG_20180426_123431-C\u00f2pia-300x225.jpg 300w, https:\/\/agora.xtec.cat\/iesacumella\/wp-content\/uploads\/usu1642\/2018\/05\/IMG_20180426_123431-C\u00f2pia-768x576.jpg 768w, https:\/\/agora.xtec.cat\/iesacumella\/wp-content\/uploads\/usu1642\/2018\/05\/IMG_20180426_123431-C\u00f2pia-1024x768.jpg 1024w, https:\/\/agora.xtec.cat\/iesacumella\/wp-content\/uploads\/usu1642\/2018\/05\/IMG_20180426_123431-C\u00f2pia-200x150.jpg 200w\" sizes=\"auto, (max-width: 300px) 100vw, 300px\" \/><\/a><\/p>\n<p><a href=\"http:\/\/agora.xtec.cat\/iesacumella\/wp-content\/uploads\/usu1642\/2018\/05\/20180426_120516-C\u00f2pia.jpg\"><img loading=\"lazy\" decoding=\"async\" class=\"alignnone size-medium wp-image-5417\" src=\"http:\/\/agora.xtec.cat\/iesacumella\/wp-content\/uploads\/usu1642\/2018\/05\/20180426_120516-C\u00f2pia-300x225.jpg\" alt=\"20180426_120516 - C\u00f2pia\" width=\"300\" height=\"225\" \/><\/a> <a href=\"http:\/\/agora.xtec.cat\/iesacumella\/wp-content\/uploads\/usu1642\/2018\/05\/20180426_093432-C\u00f2pia-e1525192495764.jpg\"><img loading=\"lazy\" decoding=\"async\" class=\"alignnone wp-image-5418 size-medium\" src=\"http:\/\/agora.xtec.cat\/iesacumella\/wp-content\/uploads\/usu1642\/2018\/05\/20180426_093432-C\u00f2pia-e1525192495764-225x300.jpg\" alt=\"20180426_093432 - C\u00f2pia\" width=\"225\" height=\"300\" srcset=\"https:\/\/agora.xtec.cat\/iesacumella\/wp-content\/uploads\/usu1642\/2018\/05\/20180426_093432-C\u00f2pia-e1525192495764-225x300.jpg 225w, https:\/\/agora.xtec.cat\/iesacumella\/wp-content\/uploads\/usu1642\/2018\/05\/20180426_093432-C\u00f2pia-e1525192495764-768x1024.jpg 768w\" sizes=\"auto, (max-width: 225px) 100vw, 225px\" \/><\/a> <a href=\"http:\/\/agora.xtec.cat\/iesacumella\/wp-content\/uploads\/usu1642\/2018\/05\/20180426_093209-C\u00f2pia.jpg\"><img loading=\"lazy\" decoding=\"async\" class=\"alignnone size-medium wp-image-5419\" src=\"http:\/\/agora.xtec.cat\/iesacumella\/wp-content\/uploads\/usu1642\/2018\/05\/20180426_093209-C\u00f2pia-300x225.jpg\" alt=\"20180426_093209 - C\u00f2pia\" width=\"300\" height=\"225\" \/><\/a> <a href=\"http:\/\/agora.xtec.cat\/iesacumella\/wp-content\/uploads\/usu1642\/2018\/05\/20180426_093112-C\u00f2pia.jpg\"><img loading=\"lazy\" decoding=\"async\" class=\"alignnone size-medium wp-image-5420\" src=\"http:\/\/agora.xtec.cat\/iesacumella\/wp-content\/uploads\/usu1642\/2018\/05\/20180426_093112-C\u00f2pia-300x225.jpg\" alt=\"20180426_093112 - C\u00f2pia\" width=\"300\" height=\"225\" \/><\/a><\/p>\n<\/div>\n<\/div>\n<div class=\"col-md-2 columnaxarxesnoticia\">\n<figure class=\"figure wp-caption alignnone\"><a href=\"http:\/\/agora.xtec.cat\/iesacumella\/wp-content\/uploads\/usu1642\/2018\/05\/IMG_20180426_131945.jpg\"><img loading=\"lazy\" decoding=\"async\" class=\"size-medium wp-image-5436\" src=\"http:\/\/agora.xtec.cat\/iesacumella\/wp-content\/uploads\/usu1642\/2018\/05\/IMG_20180426_131945-300x225.jpg\" alt=\"dav\" width=\"300\" height=\"225\" srcset=\"https:\/\/agora.xtec.cat\/iesacumella\/wp-content\/uploads\/usu1642\/2018\/05\/IMG_20180426_131945-300x225.jpg 300w, https:\/\/agora.xtec.cat\/iesacumella\/wp-content\/uploads\/usu1642\/2018\/05\/IMG_20180426_131945-768x576.jpg 768w, https:\/\/agora.xtec.cat\/iesacumella\/wp-content\/uploads\/usu1642\/2018\/05\/IMG_20180426_131945-1024x768.jpg 1024w, https:\/\/agora.xtec.cat\/iesacumella\/wp-content\/uploads\/usu1642\/2018\/05\/IMG_20180426_131945-200x150.jpg 200w\" sizes=\"auto, (max-width: 300px) 100vw, 300px\" \/><\/a><figcaption class=\"wp-caption-text\">dav<\/figcaption><\/figure>\n<figure class=\"figure wp-caption alignnone\"><a href=\"http:\/\/agora.xtec.cat\/iesacumella\/wp-content\/uploads\/usu1642\/2018\/05\/IMG_20180426_132039.jpg\"><img loading=\"lazy\" decoding=\"async\" class=\"size-medium wp-image-5435\" src=\"http:\/\/agora.xtec.cat\/iesacumella\/wp-content\/uploads\/usu1642\/2018\/05\/IMG_20180426_132039-300x225.jpg\" alt=\"dav\" width=\"300\" height=\"225\" srcset=\"https:\/\/agora.xtec.cat\/iesacumella\/wp-content\/uploads\/usu1642\/2018\/05\/IMG_20180426_132039-300x225.jpg 300w, https:\/\/agora.xtec.cat\/iesacumella\/wp-content\/uploads\/usu1642\/2018\/05\/IMG_20180426_132039-768x576.jpg 768w, https:\/\/agora.xtec.cat\/iesacumella\/wp-content\/uploads\/usu1642\/2018\/05\/IMG_20180426_132039-1024x768.jpg 1024w, https:\/\/agora.xtec.cat\/iesacumella\/wp-content\/uploads\/usu1642\/2018\/05\/IMG_20180426_132039-200x150.jpg 200w\" sizes=\"auto, (max-width: 300px) 100vw, 300px\" \/><\/a><figcaption class=\"wp-caption-text\">dav<\/figcaption><\/figure>\n<figure class=\"figure wp-caption alignnone\"><a href=\"http:\/\/agora.xtec.cat\/iesacumella\/wp-content\/uploads\/usu1642\/2018\/05\/IMG_20180426_132116.jpg\"><img loading=\"lazy\" decoding=\"async\" class=\"size-medium wp-image-5434\" src=\"http:\/\/agora.xtec.cat\/iesacumella\/wp-content\/uploads\/usu1642\/2018\/05\/IMG_20180426_132116-300x225.jpg\" alt=\"dav\" width=\"300\" height=\"225\" srcset=\"https:\/\/agora.xtec.cat\/iesacumella\/wp-content\/uploads\/usu1642\/2018\/05\/IMG_20180426_132116-300x225.jpg 300w, https:\/\/agora.xtec.cat\/iesacumella\/wp-content\/uploads\/usu1642\/2018\/05\/IMG_20180426_132116-768x576.jpg 768w, https:\/\/agora.xtec.cat\/iesacumella\/wp-content\/uploads\/usu1642\/2018\/05\/IMG_20180426_132116-1024x768.jpg 1024w, https:\/\/agora.xtec.cat\/iesacumella\/wp-content\/uploads\/usu1642\/2018\/05\/IMG_20180426_132116-200x150.jpg 200w\" sizes=\"auto, (max-width: 300px) 100vw, 300px\" \/><\/a><figcaption class=\"wp-caption-text\">dav<\/figcaption><\/figure>\n<figure class=\"figure wp-caption alignnone\"><a href=\"http:\/\/agora.xtec.cat\/iesacumella\/wp-content\/uploads\/usu1642\/2018\/05\/IMG_20180426_132430.jpg\"><img loading=\"lazy\" decoding=\"async\" class=\"size-medium wp-image-5432\" src=\"http:\/\/agora.xtec.cat\/iesacumella\/wp-content\/uploads\/usu1642\/2018\/05\/IMG_20180426_132430-300x225.jpg\" alt=\"dav\" width=\"300\" height=\"225\" \/><\/a><figcaption class=\"wp-caption-text\">dav<\/figcaption><\/figure>\n<figure class=\"figure wp-caption alignnone\"><a href=\"http:\/\/agora.xtec.cat\/iesacumella\/wp-content\/uploads\/usu1642\/2018\/05\/IMG_20180426_132440.jpg\"><img loading=\"lazy\" decoding=\"async\" class=\"size-medium wp-image-5431\" src=\"http:\/\/agora.xtec.cat\/iesacumella\/wp-content\/uploads\/usu1642\/2018\/05\/IMG_20180426_132440-300x225.jpg\" alt=\"sdr\" width=\"300\" height=\"225\" srcset=\"https:\/\/agora.xtec.cat\/iesacumella\/wp-content\/uploads\/usu1642\/2018\/05\/IMG_20180426_132440-300x225.jpg 300w, https:\/\/agora.xtec.cat\/iesacumella\/wp-content\/uploads\/usu1642\/2018\/05\/IMG_20180426_132440-768x576.jpg 768w, https:\/\/agora.xtec.cat\/iesacumella\/wp-content\/uploads\/usu1642\/2018\/05\/IMG_20180426_132440-1024x768.jpg 1024w, https:\/\/agora.xtec.cat\/iesacumella\/wp-content\/uploads\/usu1642\/2018\/05\/IMG_20180426_132440-200x150.jpg 200w\" sizes=\"auto, (max-width: 300px) 100vw, 300px\" \/><\/a><figcaption class=\"wp-caption-text\">sdr<\/figcaption><\/figure>\n<\/div>\n<\/div>\n","protected":false},"excerpt":{"rendered":"<p>Aquest dijous 26 d\u2019abril els alumnes de segon i tercer d\u2019ESO de\u00a0 l\u2019Institut Antoni Cumella han visitat el Mercat de Tecnologia de Granollers al Centre Roca Umbert.<br \/>\nhttps:\/\/www.naciodigital.cat\/naciogranollers\/noticia\/27437\/600\/alumnes\/participen\/al\/4t\/mercat\/tecnologia\/roca\/umbert<br \/>\nUns 600 estudiants\u00a0de secund\u00e0ria dels instituts\u00a0Marta Estrada, Celest\u00ed Bellera, Carles Vallbona, Antoni Cumella, EMT, Escola Pia i L&#8217;Estel\u00a0han participat&hellip;  <a href=\"https:\/\/agora.xtec.cat\/iesacumella\/portada\/mercat-tecnologia-granollers-roca-umbert\/\" title=\"Read Mercat de Tecnologia de Granollers a Roca Umbert.\">Llegeix m\u00e9s\u00bb<\/a><\/p>\n","protected":false},"author":1,"featured_media":5420,"comment_status":"closed","ping_status":"closed","sticky":false,"template":"","format":"standard","meta":{"_bbp_topic_count":0,"_bbp_reply_count":0,"_bbp_total_topic_count":0,"_bbp_total_reply_count":0,"_bbp_voice_count":0,"_bbp_anonymous_reply_count":0,"_bbp_topic_count_hidden":0,"_bbp_reply_count_hidden":0,"_bbp_forum_subforum_count":0,"footnotes":""},"categories":[29],"tags":[],"class_list":["post-5660","post","type-post","status-publish","format-standard","has-post-thumbnail","hentry","category-portada"],"post_mailing_queue_ids":[],"_links":{"self":[{"href":"https:\/\/agora.xtec.cat\/iesacumella\/wp-json\/wp\/v2\/posts\/5660","targetHints":{"allow":["GET"]}}],"collection":[{"href":"https:\/\/agora.xtec.cat\/iesacumella\/wp-json\/wp\/v2\/posts"}],"about":[{"href":"https:\/\/agora.xtec.cat\/iesacumella\/wp-json\/wp\/v2\/types\/post"}],"author":[{"embeddable":true,"href":"https:\/\/agora.xtec.cat\/iesacumella\/wp-json\/wp\/v2\/users\/1"}],"replies":[{"embeddable":true,"href":"https:\/\/agora.xtec.cat\/iesacumella\/wp-json\/wp\/v2\/comments?post=5660"}],"version-history":[{"count":1,"href":"https:\/\/agora.xtec.cat\/iesacumella\/wp-json\/wp\/v2\/posts\/5660\/revisions"}],"predecessor-version":[{"id":5816,"href":"https:\/\/agora.xtec.cat\/iesacumella\/wp-json\/wp\/v2\/posts\/5660\/revisions\/5816"}],"wp:featuredmedia":[{"embeddable":true,"href":"https:\/\/agora.xtec.cat\/iesacumella\/wp-json\/wp\/v2\/media\/5420"}],"wp:attachment":[{"href":"https:\/\/agora.xtec.cat\/iesacumella\/wp-json\/wp\/v2\/media?parent=5660"}],"wp:term":[{"taxonomy":"category","embeddable":true,"href":"https:\/\/agora.xtec.cat\/iesacumella\/wp-json\/wp\/v2\/categories?post=5660"},{"taxonomy":"post_tag","embeddable":true,"href":"https:\/\/agora.xtec.cat\/iesacumella\/wp-json\/wp\/v2\/tags?post=5660"}],"curies":[{"name":"wp","href":"https:\/\/api.w.org\/{rel}","templated":true}]}}