{"id":5658,"date":"2018-04-25T12:17:34","date_gmt":"2018-04-25T11:17:34","guid":{"rendered":"http:\/\/blog.iesacumella.cat\/?p=5396"},"modified":"2018-07-16T15:15:50","modified_gmt":"2018-07-16T13:15:50","slug":"4t-eso-visita-sitges","status":"publish","type":"post","link":"https:\/\/agora.xtec.cat\/iesacumella\/portada\/4t-eso-visita-sitges\/","title":{"rendered":"4t ESO VISITA SITGES"},"content":{"rendered":"<p>El dia 7 de mar\u00e7 els i les alumnes de 4t d\u00b4ESO van anar a Sitges per, com ja \u00e9s tradici\u00f3 dins del nivell, veure una pel\u00b7l\u00edcula a l\u00b4emblem\u00e0tic cinema El Retiro de la bonica ciutat modernista. El trajecte va ser en tren i l\u00b4alumnat va tenir gaireb\u00e9 una hora per passejar per la localitat abans d\u00b4entrar a la projecci\u00f3. Per sort, el dia va ser magn\u00edfic i el Sol va ser present en tot moment. El mar era d\u00b4un blau intens de diverses tonalitats i per uns instants va semblar que ja havia arribat la primavera despr\u00e9s de les nevades de la setmana anterior.<\/p>\n<p>La pel.l\u00edcula que van veure va ser F\u00c1TIMA que explica la hist\u00f2ria d\u00b4una dona immigrant a Fran\u00e7a que viu amb les seves dues filles i la seva vida \u00e9s una lluita constant per sobreviure i fer que les noies puguin estudiar i trobar un lloc en el nou pa\u00eds.<\/p>\n<p><a href=\"http:\/\/agora.xtec.cat\/iesacumella\/wp-content\/uploads\/usu1642\/2018\/04\/WP_20180307_10_48_47_Pro-Marta-Fern\u00e1ndez-Bonet.jpg\"><img loading=\"lazy\" decoding=\"async\" class=\"aligncenter size-medium wp-image-5399\" src=\"http:\/\/agora.xtec.cat\/iesacumella\/wp-content\/uploads\/usu1642\/2018\/04\/WP_20180307_10_48_47_Pro-Marta-Fern\u00e1ndez-Bonet-300x169.jpg\" alt=\"WP_20180307_10_48_47_Pro - Marta Fern\u00e1ndez Bonet\" width=\"300\" height=\"169\" srcset=\"https:\/\/agora.xtec.cat\/iesacumella\/wp-content\/uploads\/usu1642\/2018\/04\/WP_20180307_10_48_47_Pro-Marta-Fern\u00e1ndez-Bonet-300x169.jpg 300w, https:\/\/agora.xtec.cat\/iesacumella\/wp-content\/uploads\/usu1642\/2018\/04\/WP_20180307_10_48_47_Pro-Marta-Fern\u00e1ndez-Bonet-768x431.jpg 768w, https:\/\/agora.xtec.cat\/iesacumella\/wp-content\/uploads\/usu1642\/2018\/04\/WP_20180307_10_48_47_Pro-Marta-Fern\u00e1ndez-Bonet-1024x575.jpg 1024w\" sizes=\"auto, (max-width: 300px) 100vw, 300px\" \/><\/a> <a href=\"http:\/\/agora.xtec.cat\/iesacumella\/wp-content\/uploads\/usu1642\/2018\/04\/WP_20180307_10_49_26_Pro-Marta-Fern\u00e1ndez-Bonet.jpg\"><img loading=\"lazy\" decoding=\"async\" class=\"aligncenter size-medium wp-image-5397\" src=\"http:\/\/agora.xtec.cat\/iesacumella\/wp-content\/uploads\/usu1642\/2018\/04\/WP_20180307_10_49_26_Pro-Marta-Fern\u00e1ndez-Bonet-300x169.jpg\" alt=\"WP_20180307_10_49_26_Pro - Marta Fern\u00e1ndez Bonet\" width=\"300\" height=\"169\" \/><\/a> <a href=\"http:\/\/agora.xtec.cat\/iesacumella\/wp-content\/uploads\/usu1642\/2018\/04\/WP_20180307_10_49_07_Pro-Marta-Fern\u00e1ndez-Bonet.jpg\"><img loading=\"lazy\" decoding=\"async\" class=\"aligncenter size-medium wp-image-5395\" src=\"http:\/\/agora.xtec.cat\/iesacumella\/wp-content\/uploads\/usu1642\/2018\/04\/WP_20180307_10_49_07_Pro-Marta-Fern\u00e1ndez-Bonet-300x169.jpg\" alt=\"WP_20180307_10_49_07_Pro - Marta Fern\u00e1ndez Bonet\" width=\"300\" height=\"169\" \/><\/a><\/p>\n","protected":false},"excerpt":{"rendered":"<p>El dia 7 de mar\u00e7 els i les alumnes de 4t d\u00b4ESO van anar a Sitges per, com ja \u00e9s tradici\u00f3 dins del nivell, veure una pel\u00b7l\u00edcula a l\u00b4emblem\u00e0tic cinema El Retiro de la bonica ciutat modernista. El trajecte va ser en tren i l\u00b4alumnat&hellip;  <a href=\"https:\/\/agora.xtec.cat\/iesacumella\/portada\/4t-eso-visita-sitges\/\" title=\"Read 4t ESO VISITA SITGES\">Llegeix m\u00e9s\u00bb<\/a><\/p>\n","protected":false},"author":1,"featured_media":5395,"comment_status":"closed","ping_status":"closed","sticky":false,"template":"","format":"standard","meta":{"_bbp_topic_count":0,"_bbp_reply_count":0,"_bbp_total_topic_count":0,"_bbp_total_reply_count":0,"_bbp_voice_count":0,"_bbp_anonymous_reply_count":0,"_bbp_topic_count_hidden":0,"_bbp_reply_count_hidden":0,"_bbp_forum_subforum_count":0,"footnotes":""},"categories":[29],"tags":[],"class_list":["post-5658","post","type-post","status-publish","format-standard","has-post-thumbnail","hentry","category-portada"],"post_mailing_queue_ids":[],"_links":{"self":[{"href":"https:\/\/agora.xtec.cat\/iesacumella\/wp-json\/wp\/v2\/posts\/5658","targetHints":{"allow":["GET"]}}],"collection":[{"href":"https:\/\/agora.xtec.cat\/iesacumella\/wp-json\/wp\/v2\/posts"}],"about":[{"href":"https:\/\/agora.xtec.cat\/iesacumella\/wp-json\/wp\/v2\/types\/post"}],"author":[{"embeddable":true,"href":"https:\/\/agora.xtec.cat\/iesacumella\/wp-json\/wp\/v2\/users\/1"}],"replies":[{"embeddable":true,"href":"https:\/\/agora.xtec.cat\/iesacumella\/wp-json\/wp\/v2\/comments?post=5658"}],"version-history":[{"count":1,"href":"https:\/\/agora.xtec.cat\/iesacumella\/wp-json\/wp\/v2\/posts\/5658\/revisions"}],"predecessor-version":[{"id":5818,"href":"https:\/\/agora.xtec.cat\/iesacumella\/wp-json\/wp\/v2\/posts\/5658\/revisions\/5818"}],"wp:featuredmedia":[{"embeddable":true,"href":"https:\/\/agora.xtec.cat\/iesacumella\/wp-json\/wp\/v2\/media\/5395"}],"wp:attachment":[{"href":"https:\/\/agora.xtec.cat\/iesacumella\/wp-json\/wp\/v2\/media?parent=5658"}],"wp:term":[{"taxonomy":"category","embeddable":true,"href":"https:\/\/agora.xtec.cat\/iesacumella\/wp-json\/wp\/v2\/categories?post=5658"},{"taxonomy":"post_tag","embeddable":true,"href":"https:\/\/agora.xtec.cat\/iesacumella\/wp-json\/wp\/v2\/tags?post=5658"}],"curies":[{"name":"wp","href":"https:\/\/api.w.org\/{rel}","templated":true}]}}