{"id":5657,"date":"2018-04-23T21:02:06","date_gmt":"2018-04-23T20:02:06","guid":{"rendered":"http:\/\/blog.iesacumella.cat\/?p=5352"},"modified":"2018-07-16T15:15:51","modified_gmt":"2018-07-16T13:15:51","slug":"artlab","status":"publish","type":"post","link":"https:\/\/agora.xtec.cat\/iesacumella\/portada\/artlab\/","title":{"rendered":"Alumnes de l&#8217;optativa de Cinema de 4t presenten la seva creaci\u00f3 audiovisual en el festival Pedrera ArtLab, a la Pedrera de Barcelona."},"content":{"rendered":"<p>Un grup d&#8217;alumnes de l&#8217;optativa de Cinematografia de 4t ha participat en el taller &#8216;Pedrera<br \/>\nArtLab&#8217;, de Cinema en Curs, dirigit per la directora Alba Cros i l&#8217;associaci\u00f3 A Bao A Qu.<br \/>\nEl repte era posar imatges audiovisuals a la can\u00e7\u00f3 d&#8217;un grup catal\u00e0, els &#8216;Sense Sal&#8217;, per<br \/>\nprojectar-les durant un concert en directe a la Pedrera, amb els treballs d&#8217;altres instituts.<br \/>\nHan sigut dos mesos de treball en equip durant els quals han experimentat tot el proc\u00e9s de<br \/>\ncreaci\u00f3 audiovisual: s&#8217;han inspirat en cinema d&#8217;autor, han imaginat els espais i els actors, han<br \/>\napr\u00e8s com fer servir una c\u00e0mera professional, han rodat amb ella i han fet el muntatge amb<br \/>\nprogrames d&#8217;edici\u00f3.<br \/>\nEl passat divendres 20 d&#8217;abril vam anar a Barcelona, a l&#8217;auditori de la Pedrera, per veure el<br \/>\nconcert. Va estar una experi\u00e8ncia inoblidable!!<br \/>\n<iframe loading=\"lazy\" src=\"https:\/\/www.youtube.com\/embed\/0JGD0hjq-M4\" width=\"560\" height=\"315\" frameborder=\"0\" allowfullscreen=\"allowfullscreen\"><\/iframe><\/p>\n","protected":false},"excerpt":{"rendered":"<p>Un grup d&#8217;alumnes de l&#8217;optativa de Cinematografia de 4t ha participat en el taller &#8216;Pedrera<br \/>\nArtLab&#8217;, de Cinema en Curs, dirigit per la directora Alba Cros i l&#8217;associaci\u00f3 A Bao A Qu.<br \/>\nEl repte era posar imatges audiovisuals a la can\u00e7\u00f3 d&#8217;un grup catal\u00e0, els &#8216;Sense Sal&#8217;,&hellip;  <a href=\"https:\/\/agora.xtec.cat\/iesacumella\/portada\/artlab\/\" title=\"Read Alumnes de l&#8217;optativa de Cinema de 4t presenten la seva creaci\u00f3 audiovisual en el festival Pedrera ArtLab, a la Pedrera de Barcelona.\">Llegeix m\u00e9s\u00bb<\/a><\/p>\n","protected":false},"author":1,"featured_media":5355,"comment_status":"closed","ping_status":"closed","sticky":false,"template":"","format":"standard","meta":{"_bbp_topic_count":0,"_bbp_reply_count":0,"_bbp_total_topic_count":0,"_bbp_total_reply_count":0,"_bbp_voice_count":0,"_bbp_anonymous_reply_count":0,"_bbp_topic_count_hidden":0,"_bbp_reply_count_hidden":0,"_bbp_forum_subforum_count":0,"footnotes":""},"categories":[29],"tags":[],"class_list":["post-5657","post","type-post","status-publish","format-standard","has-post-thumbnail","hentry","category-portada"],"post_mailing_queue_ids":[],"_links":{"self":[{"href":"https:\/\/agora.xtec.cat\/iesacumella\/wp-json\/wp\/v2\/posts\/5657","targetHints":{"allow":["GET"]}}],"collection":[{"href":"https:\/\/agora.xtec.cat\/iesacumella\/wp-json\/wp\/v2\/posts"}],"about":[{"href":"https:\/\/agora.xtec.cat\/iesacumella\/wp-json\/wp\/v2\/types\/post"}],"author":[{"embeddable":true,"href":"https:\/\/agora.xtec.cat\/iesacumella\/wp-json\/wp\/v2\/users\/1"}],"replies":[{"embeddable":true,"href":"https:\/\/agora.xtec.cat\/iesacumella\/wp-json\/wp\/v2\/comments?post=5657"}],"version-history":[{"count":1,"href":"https:\/\/agora.xtec.cat\/iesacumella\/wp-json\/wp\/v2\/posts\/5657\/revisions"}],"predecessor-version":[{"id":5823,"href":"https:\/\/agora.xtec.cat\/iesacumella\/wp-json\/wp\/v2\/posts\/5657\/revisions\/5823"}],"wp:featuredmedia":[{"embeddable":true,"href":"https:\/\/agora.xtec.cat\/iesacumella\/wp-json\/wp\/v2\/media\/5355"}],"wp:attachment":[{"href":"https:\/\/agora.xtec.cat\/iesacumella\/wp-json\/wp\/v2\/media?parent=5657"}],"wp:term":[{"taxonomy":"category","embeddable":true,"href":"https:\/\/agora.xtec.cat\/iesacumella\/wp-json\/wp\/v2\/categories?post=5657"},{"taxonomy":"post_tag","embeddable":true,"href":"https:\/\/agora.xtec.cat\/iesacumella\/wp-json\/wp\/v2\/tags?post=5657"}],"curies":[{"name":"wp","href":"https:\/\/api.w.org\/{rel}","templated":true}]}}