{"id":5656,"date":"2018-04-23T11:36:33","date_gmt":"2018-04-23T10:36:33","guid":{"rendered":"http:\/\/blog.iesacumella.cat\/?p=5347"},"modified":"2018-07-16T15:15:51","modified_gmt":"2018-07-16T13:15:51","slug":"visita-salo-lensenyament","status":"publish","type":"post","link":"https:\/\/agora.xtec.cat\/iesacumella\/portada\/visita-salo-lensenyament\/","title":{"rendered":"Visita al sal\u00f3 de l&#8217;ensenyament"},"content":{"rendered":"<p>Com cada any, l\u00b4alumnat de 4t d\u00b4ESO va visitar la macro fira del Sal\u00f3 de l\u00b4Ensenyament a Barcelona. La sortida es va fer el dia 15 de mar\u00e7, en autocar, durant tot el mat\u00ed. Els objectius d\u00b4aquesta activitat van ser dos. Primer ajudar en l\u00b4orientaci\u00f3 acad\u00e8mica els alumnes que s\u00f3n a punt de finalitzar l\u00b4etapa de Secund\u00e0ria. Segon, fer-la coincidir amb el treball de Cr\u00e8dit de S\u00edntesi que es realitz\u00e0 al Centre durant els dies posteriors. Els i les alumnes de 4t d\u00b4ESO van poder visitar tots els punts d\u00b4informaci\u00f3 de l\u00b4exposici\u00f3, preguntar a les persones responsables tots els dubtes que tenien, fer, en alguns casos, alguna pr\u00e0ctica, recollir material per portar a casa i ensenyar-lo a les fam\u00edlies per comentar-lo conjuntament. El Salo de l\u00b4Ensenyament estava dividit en diferents espais: orientaci\u00f3 cap a Batxillerat, orientaci\u00f3 cap a Cicles i orientaci\u00f3 Universit\u00e0ria.<\/p>\n<p>&nbsp;<\/p>\n<p><a href=\"http:\/\/agora.xtec.cat\/iesacumella\/wp-content\/uploads\/usu1642\/2018\/04\/WP_20180315_13_08_15_Pro-Marta-Fern\u00e1ndez-Bonet.jpg\"><img loading=\"lazy\" decoding=\"async\" class=\"aligncenter size-medium wp-image-5346\" src=\"http:\/\/agora.xtec.cat\/iesacumella\/wp-content\/uploads\/usu1642\/2018\/04\/WP_20180315_13_08_15_Pro-Marta-Fern\u00e1ndez-Bonet-300x169.jpg\" alt=\"WP_20180315_13_08_15_Pro - Marta Fern\u00e1ndez Bonet\" width=\"300\" height=\"169\" \/><\/a> <a href=\"http:\/\/agora.xtec.cat\/iesacumella\/wp-content\/uploads\/usu1642\/2018\/04\/WP_20180315_13_00_59_Pro-Marta-Fern\u00e1ndez-Bonet.jpg\"><img loading=\"lazy\" decoding=\"async\" class=\"aligncenter size-medium wp-image-5345\" src=\"http:\/\/agora.xtec.cat\/iesacumella\/wp-content\/uploads\/usu1642\/2018\/04\/WP_20180315_13_00_59_Pro-Marta-Fern\u00e1ndez-Bonet-300x169.jpg\" alt=\"WP_20180315_13_00_59_Pro - Marta Fern\u00e1ndez Bonet\" width=\"300\" height=\"169\" \/><\/a><\/p>\n","protected":false},"excerpt":{"rendered":"<p>Com cada any, l\u00b4alumnat de 4t d\u00b4ESO va visitar la macro fira del Sal\u00f3 de l\u00b4Ensenyament a Barcelona. La sortida es va fer el dia 15 de mar\u00e7, en autocar, durant tot el mat\u00ed. Els objectius d\u00b4aquesta activitat van ser dos. Primer ajudar en l\u00b4orientaci\u00f3&hellip;  <a href=\"https:\/\/agora.xtec.cat\/iesacumella\/portada\/visita-salo-lensenyament\/\" title=\"Read Visita al sal\u00f3 de l&#8217;ensenyament\">Llegeix m\u00e9s\u00bb<\/a><\/p>\n","protected":false},"author":1,"featured_media":5346,"comment_status":"closed","ping_status":"closed","sticky":false,"template":"","format":"standard","meta":{"_bbp_topic_count":0,"_bbp_reply_count":0,"_bbp_total_topic_count":0,"_bbp_total_reply_count":0,"_bbp_voice_count":0,"_bbp_anonymous_reply_count":0,"_bbp_topic_count_hidden":0,"_bbp_reply_count_hidden":0,"_bbp_forum_subforum_count":0,"footnotes":""},"categories":[29],"tags":[],"class_list":["post-5656","post","type-post","status-publish","format-standard","has-post-thumbnail","hentry","category-portada"],"post_mailing_queue_ids":[],"_links":{"self":[{"href":"https:\/\/agora.xtec.cat\/iesacumella\/wp-json\/wp\/v2\/posts\/5656","targetHints":{"allow":["GET"]}}],"collection":[{"href":"https:\/\/agora.xtec.cat\/iesacumella\/wp-json\/wp\/v2\/posts"}],"about":[{"href":"https:\/\/agora.xtec.cat\/iesacumella\/wp-json\/wp\/v2\/types\/post"}],"author":[{"embeddable":true,"href":"https:\/\/agora.xtec.cat\/iesacumella\/wp-json\/wp\/v2\/users\/1"}],"replies":[{"embeddable":true,"href":"https:\/\/agora.xtec.cat\/iesacumella\/wp-json\/wp\/v2\/comments?post=5656"}],"version-history":[{"count":1,"href":"https:\/\/agora.xtec.cat\/iesacumella\/wp-json\/wp\/v2\/posts\/5656\/revisions"}],"predecessor-version":[{"id":5824,"href":"https:\/\/agora.xtec.cat\/iesacumella\/wp-json\/wp\/v2\/posts\/5656\/revisions\/5824"}],"wp:featuredmedia":[{"embeddable":true,"href":"https:\/\/agora.xtec.cat\/iesacumella\/wp-json\/"}],"wp:attachment":[{"href":"https:\/\/agora.xtec.cat\/iesacumella\/wp-json\/wp\/v2\/media?parent=5656"}],"wp:term":[{"taxonomy":"category","embeddable":true,"href":"https:\/\/agora.xtec.cat\/iesacumella\/wp-json\/wp\/v2\/categories?post=5656"},{"taxonomy":"post_tag","embeddable":true,"href":"https:\/\/agora.xtec.cat\/iesacumella\/wp-json\/wp\/v2\/tags?post=5656"}],"curies":[{"name":"wp","href":"https:\/\/api.w.org\/{rel}","templated":true}]}}