{"id":5614,"date":"2018-06-21T08:09:31","date_gmt":"2018-06-21T07:09:31","guid":{"rendered":"http:\/\/blog.iesacumella.cat\/?p=5614"},"modified":"2018-07-16T15:14:37","modified_gmt":"2018-07-16T13:14:37","slug":"maternite-suisse-delne-collioure","status":"publish","type":"post","link":"https:\/\/agora.xtec.cat\/iesacumella\/portada\/maternite-suisse-delne-collioure\/","title":{"rendered":"Maternit\u00e9 Suisse d\u2019Elne i Collioure"},"content":{"rendered":"<p><span style=\"font-weight: 400;\">El dia 28 de maig, els alumnes de la mat\u00e8ria optativa de franc\u00e8s van viatjar a Fran\u00e7a en una sortida programada pel departament de lleng\u00fces estrangeres. <\/span><\/p>\n<p><span style=\"font-weight: 400;\">En primer lloc, vam visitar la \u00a0<\/span><\/p>\n<p>una instituci\u00f3 humanit\u00e0ria fundada el novembre del <a href=\"https:\/\/ca.wikipedia.org\/wiki\/1939\">1939<\/a> per <a href=\"https:\/\/ca.wikipedia.org\/wiki\/Elisabeth_Eidenbenz\">Elisabeth Eidenbenz<\/a> dedicada a ajudar dones, sobretot exiliades.<\/p>\n<p>M\u00e9s tard vam endinsar-nos al petit poble de Collioure on els alumnes van participar en una gimcana ling\u00fc\u00edstica i cultural amb el fi de descobrir el poble i practicar el franc\u00e8s.<\/p>\n<p>Tamb\u00e9 vam anar a la tomba d\u2019Antonio Machado, on vam llegir uns poemes com a homenatge a un dels escriptors m\u00e9s importants de la literatura espanyola i tamb\u00e9\u00a0 als exiliats que van travessar la frontera aquell hivern del 1939.<\/p>\n<p>Tot seguit els alumnes van gaudir d\u2019una estona lliure per visitar els principals monuments i degustar el menjar t\u00edpic franc\u00e8s.<\/p>\n<p>Ha estat una excursi\u00f3 molt enriquidora per a tots. Els alumnes han tornat encantats i amb ganes de tornar-hi!<\/p>\n<p><span style=\"font-weight: 400;\"><a href=\"http:\/\/agora.xtec.cat\/iesacumella\/wp-content\/uploads\/usu1642\/2018\/06\/EDCE1DB3-5660-48C0-BDFB-5F6FC1CCFFED-1-C\u00f2pia.jpg\"><img loading=\"lazy\" decoding=\"async\" class=\"alignnone size-medium wp-image-5617\" src=\"http:\/\/agora.xtec.cat\/iesacumella\/wp-content\/uploads\/usu1642\/2018\/06\/EDCE1DB3-5660-48C0-BDFB-5F6FC1CCFFED-1-C\u00f2pia-300x225.jpg\" alt=\"EDCE1DB3-5660-48C0-BDFB-5F6FC1CCFFED (1) - C\u00f2pia\" width=\"300\" height=\"225\" srcset=\"https:\/\/agora.xtec.cat\/iesacumella\/wp-content\/uploads\/usu1642\/2018\/06\/EDCE1DB3-5660-48C0-BDFB-5F6FC1CCFFED-1-C\u00f2pia-300x225.jpg 300w, https:\/\/agora.xtec.cat\/iesacumella\/wp-content\/uploads\/usu1642\/2018\/06\/EDCE1DB3-5660-48C0-BDFB-5F6FC1CCFFED-1-C\u00f2pia-768x576.jpg 768w, https:\/\/agora.xtec.cat\/iesacumella\/wp-content\/uploads\/usu1642\/2018\/06\/EDCE1DB3-5660-48C0-BDFB-5F6FC1CCFFED-1-C\u00f2pia-1024x768.jpg 1024w, https:\/\/agora.xtec.cat\/iesacumella\/wp-content\/uploads\/usu1642\/2018\/06\/EDCE1DB3-5660-48C0-BDFB-5F6FC1CCFFED-1-C\u00f2pia-200x150.jpg 200w\" sizes=\"auto, (max-width: 300px) 100vw, 300px\" \/><\/a> <a href=\"http:\/\/agora.xtec.cat\/iesacumella\/wp-content\/uploads\/usu1642\/2018\/06\/D88A34A8-CC5E-43A2-93BC-B2F1292CA6F5-C\u00f2pia.jpg\"><img loading=\"lazy\" decoding=\"async\" class=\"alignnone size-medium wp-image-5618\" src=\"http:\/\/agora.xtec.cat\/iesacumella\/wp-content\/uploads\/usu1642\/2018\/06\/D88A34A8-CC5E-43A2-93BC-B2F1292CA6F5-C\u00f2pia-300x225.jpg\" alt=\"D88A34A8-CC5E-43A2-93BC-B2F1292CA6F5 - C\u00f2pia\" width=\"300\" height=\"225\" srcset=\"https:\/\/agora.xtec.cat\/iesacumella\/wp-content\/uploads\/usu1642\/2018\/06\/D88A34A8-CC5E-43A2-93BC-B2F1292CA6F5-C\u00f2pia-300x225.jpg 300w, https:\/\/agora.xtec.cat\/iesacumella\/wp-content\/uploads\/usu1642\/2018\/06\/D88A34A8-CC5E-43A2-93BC-B2F1292CA6F5-C\u00f2pia-768x576.jpg 768w, https:\/\/agora.xtec.cat\/iesacumella\/wp-content\/uploads\/usu1642\/2018\/06\/D88A34A8-CC5E-43A2-93BC-B2F1292CA6F5-C\u00f2pia-1024x768.jpg 1024w, https:\/\/agora.xtec.cat\/iesacumella\/wp-content\/uploads\/usu1642\/2018\/06\/D88A34A8-CC5E-43A2-93BC-B2F1292CA6F5-C\u00f2pia-200x150.jpg 200w\" sizes=\"auto, (max-width: 300px) 100vw, 300px\" \/><\/a> <a href=\"http:\/\/agora.xtec.cat\/iesacumella\/wp-content\/uploads\/usu1642\/2018\/06\/ED178005-47FA-4B08-A68B-36DD29BE24C9-C\u00f2pia.jpg\"><img loading=\"lazy\" decoding=\"async\" class=\"alignnone size-medium wp-image-5621\" src=\"http:\/\/agora.xtec.cat\/iesacumella\/wp-content\/uploads\/usu1642\/2018\/06\/ED178005-47FA-4B08-A68B-36DD29BE24C9-C\u00f2pia-300x225.jpg\" alt=\"ED178005-47FA-4B08-A68B-36DD29BE24C9 - C\u00f2pia\" width=\"300\" height=\"225\" srcset=\"https:\/\/agora.xtec.cat\/iesacumella\/wp-content\/uploads\/usu1642\/2018\/06\/ED178005-47FA-4B08-A68B-36DD29BE24C9-C\u00f2pia-300x225.jpg 300w, https:\/\/agora.xtec.cat\/iesacumella\/wp-content\/uploads\/usu1642\/2018\/06\/ED178005-47FA-4B08-A68B-36DD29BE24C9-C\u00f2pia-768x576.jpg 768w, https:\/\/agora.xtec.cat\/iesacumella\/wp-content\/uploads\/usu1642\/2018\/06\/ED178005-47FA-4B08-A68B-36DD29BE24C9-C\u00f2pia-1024x768.jpg 1024w, https:\/\/agora.xtec.cat\/iesacumella\/wp-content\/uploads\/usu1642\/2018\/06\/ED178005-47FA-4B08-A68B-36DD29BE24C9-C\u00f2pia-200x150.jpg 200w\" sizes=\"auto, (max-width: 300px) 100vw, 300px\" \/><\/a> \u00a0<a href=\"http:\/\/agora.xtec.cat\/iesacumella\/wp-content\/uploads\/usu1642\/2018\/06\/8D43DC08-AA56-4D0D-A172-810057E817CC.jpg\"><img loading=\"lazy\" decoding=\"async\" class=\"alignnone size-medium wp-image-5661\" src=\"http:\/\/agora.xtec.cat\/iesacumella\/wp-content\/uploads\/usu1642\/2018\/06\/8D43DC08-AA56-4D0D-A172-810057E817CC-300x225.jpg\" alt=\"8D43DC08-AA56-4D0D-A172-810057E817CC\" width=\"300\" height=\"225\" \/><\/a> <a href=\"http:\/\/agora.xtec.cat\/iesacumella\/wp-content\/uploads\/usu1642\/2018\/06\/483E7ACC-8C89-401D-AC5E-91378C3B1394.jpg\"><img loading=\"lazy\" decoding=\"async\" class=\"alignnone size-medium wp-image-5662\" src=\"http:\/\/agora.xtec.cat\/iesacumella\/wp-content\/uploads\/usu1642\/2018\/06\/483E7ACC-8C89-401D-AC5E-91378C3B1394-300x225.jpg\" alt=\"483E7ACC-8C89-401D-AC5E-91378C3B1394\" width=\"300\" height=\"225\" \/><\/a> <a href=\"http:\/\/agora.xtec.cat\/iesacumella\/wp-content\/uploads\/usu1642\/2018\/06\/931B3945-38D7-4BE1-9B0B-AD606ED0DDE9.jpg\"><img loading=\"lazy\" decoding=\"async\" class=\"alignnone size-medium wp-image-5663\" src=\"http:\/\/agora.xtec.cat\/iesacumella\/wp-content\/uploads\/usu1642\/2018\/06\/931B3945-38D7-4BE1-9B0B-AD606ED0DDE9-300x225.jpg\" alt=\"931B3945-38D7-4BE1-9B0B-AD606ED0DDE9\" width=\"300\" height=\"225\" \/><\/a>\u00a0\u00a0<a href=\"http:\/\/agora.xtec.cat\/iesacumella\/wp-content\/uploads\/usu1642\/2018\/06\/D88A34A8-CC5E-43A2-93BC-B2F1292CA6F5.jpg\"><img loading=\"lazy\" decoding=\"async\" class=\"alignnone size-medium wp-image-5665\" src=\"http:\/\/agora.xtec.cat\/iesacumella\/wp-content\/uploads\/usu1642\/2018\/06\/D88A34A8-CC5E-43A2-93BC-B2F1292CA6F5-300x225.jpg\" alt=\"D88A34A8-CC5E-43A2-93BC-B2F1292CA6F5\" width=\"300\" height=\"225\" \/><\/a>\u00a0<\/span><\/p>\n","protected":false},"excerpt":{"rendered":"<p>El dia 28 de maig, els alumnes de la mat\u00e8ria optativa de franc\u00e8s van viatjar a Fran\u00e7a en una sortida programada pel departament de lleng\u00fces estrangeres.<br \/>\nEn primer lloc, vam visitar la \u00a0<br \/>\nuna instituci\u00f3 humanit\u00e0ria fundada el novembre del <a href=\"https:\/\/ca.wikipedia.org\/wiki\/1939\">1939<\/a> per <a href=\"https:\/\/ca.wikipedia.org\/wiki\/Elisabeth_Eidenbenz\">Elisabeth Eidenbenz<\/a>&hellip;  <a href=\"https:\/\/agora.xtec.cat\/iesacumella\/portada\/maternite-suisse-delne-collioure\/\" title=\"Read Maternit\u00e9 Suisse d\u2019Elne i Collioure\">Llegeix m\u00e9s\u00bb<\/a><\/p>\n","protected":false},"author":1,"featured_media":5622,"comment_status":"closed","ping_status":"closed","sticky":false,"template":"","format":"standard","meta":{"_bbp_topic_count":0,"_bbp_reply_count":0,"_bbp_total_topic_count":0,"_bbp_total_reply_count":0,"_bbp_voice_count":0,"_bbp_anonymous_reply_count":0,"_bbp_topic_count_hidden":0,"_bbp_reply_count_hidden":0,"_bbp_forum_subforum_count":0,"footnotes":""},"categories":[29],"tags":[],"class_list":["post-5614","post","type-post","status-publish","format-standard","has-post-thumbnail","hentry","category-portada"],"post_mailing_queue_ids":[],"_links":{"self":[{"href":"https:\/\/agora.xtec.cat\/iesacumella\/wp-json\/wp\/v2\/posts\/5614","targetHints":{"allow":["GET"]}}],"collection":[{"href":"https:\/\/agora.xtec.cat\/iesacumella\/wp-json\/wp\/v2\/posts"}],"about":[{"href":"https:\/\/agora.xtec.cat\/iesacumella\/wp-json\/wp\/v2\/types\/post"}],"author":[{"embeddable":true,"href":"https:\/\/agora.xtec.cat\/iesacumella\/wp-json\/wp\/v2\/users\/1"}],"replies":[{"embeddable":true,"href":"https:\/\/agora.xtec.cat\/iesacumella\/wp-json\/wp\/v2\/comments?post=5614"}],"version-history":[{"count":1,"href":"https:\/\/agora.xtec.cat\/iesacumella\/wp-json\/wp\/v2\/posts\/5614\/revisions"}],"predecessor-version":[{"id":5792,"href":"https:\/\/agora.xtec.cat\/iesacumella\/wp-json\/wp\/v2\/posts\/5614\/revisions\/5792"}],"wp:featuredmedia":[{"embeddable":true,"href":"https:\/\/agora.xtec.cat\/iesacumella\/wp-json\/wp\/v2\/media\/5622"}],"wp:attachment":[{"href":"https:\/\/agora.xtec.cat\/iesacumella\/wp-json\/wp\/v2\/media?parent=5614"}],"wp:term":[{"taxonomy":"category","embeddable":true,"href":"https:\/\/agora.xtec.cat\/iesacumella\/wp-json\/wp\/v2\/categories?post=5614"},{"taxonomy":"post_tag","embeddable":true,"href":"https:\/\/agora.xtec.cat\/iesacumella\/wp-json\/wp\/v2\/tags?post=5614"}],"curies":[{"name":"wp","href":"https:\/\/api.w.org\/{rel}","templated":true}]}}