{"id":5604,"date":"2018-04-13T11:52:18","date_gmt":"2018-04-13T10:52:18","guid":{"rendered":"http:\/\/blog.iesacumella.cat\/?p=5165"},"modified":"2018-07-16T15:16:16","modified_gmt":"2018-07-16T13:16:16","slug":"erasmus-a-letonia","status":"publish","type":"post","link":"https:\/\/agora.xtec.cat\/iesacumella\/portada\/erasmus-a-letonia\/","title":{"rendered":"Erasmus + a Riga, Let\u00f2nia"},"content":{"rendered":"<div dir=\"auto\">\n<p>Aquesta darrera setmana un grup d&#8217;alumnes del institut Antoni Cumella estan participant del programa Erasmus + sobre el ciber-assetjament a Riga, la capital de Let\u00f2nia.<\/p>\n<p><span style=\"font-weight: 400;\">L&#8217;experi\u00e8ncia est\u00e0 essent molt interessant i enriquidora en molts sentits, ja que no nom\u00e9s treballen amb un grup format per vuit pa\u00efsos, sin\u00f3 \u00a0que tenen l&#8217;oportunitat de con\u00e8ixer un altre pa\u00eds i la selva cultura, i d&#8217;aprendre a moure&#8217;s per l&#8217;extranger.<\/span><\/p>\n<p><span style=\"font-weight: 400;\">Quan tornem, compartirem m\u00e9s d&#8217;aquesta maravellosa experi\u00e8ncia.<\/span><\/p>\n<p><a href=\"http:\/\/agora.xtec.cat\/iesacumella\/wp-content\/uploads\/usu1642\/2018\/04\/IMG-20180411-WA0002-1.jpg\"><img loading=\"lazy\" decoding=\"async\" class=\"alignnone size-medium wp-image-5304\" src=\"http:\/\/agora.xtec.cat\/iesacumella\/wp-content\/uploads\/usu1642\/2018\/04\/IMG-20180411-WA0002-1-300x225.jpg\" alt=\"IMG-20180411-WA0002\" width=\"300\" height=\"225\" \/><\/a> <a href=\"http:\/\/agora.xtec.cat\/iesacumella\/wp-content\/uploads\/usu1642\/2018\/04\/IMG_20180411_113223_430-1.jpg\"><img loading=\"lazy\" decoding=\"async\" class=\"alignnone size-medium wp-image-5303\" src=\"http:\/\/agora.xtec.cat\/iesacumella\/wp-content\/uploads\/usu1642\/2018\/04\/IMG_20180411_113223_430-1-300x224.jpg\" alt=\"IMG_20180411_113223_430\" width=\"300\" height=\"224\" \/><\/a> <a href=\"http:\/\/agora.xtec.cat\/iesacumella\/wp-content\/uploads\/usu1642\/2018\/04\/IMG_20180411_141623_961-1.jpg\"><img loading=\"lazy\" decoding=\"async\" class=\"alignnone size-medium wp-image-5302\" src=\"http:\/\/agora.xtec.cat\/iesacumella\/wp-content\/uploads\/usu1642\/2018\/04\/IMG_20180411_141623_961-1-300x224.jpg\" alt=\"IMG_20180411_141623_961\" width=\"300\" height=\"224\" \/><\/a><\/p>\n<\/div>\n<div dir=\"auto\"><\/div>\n<div dir=\"auto\"><\/div>\n<div dir=\"auto\"><\/div>\n<div dir=\"auto\"><\/div>\n<div dir=\"auto\"><\/div>\n<div dir=\"auto\"><\/div>\n<div dir=\"auto\"><\/div>\n<div dir=\"auto\"><\/div>\n<div dir=\"auto\"><\/div>\n<div dir=\"auto\"><\/div>\n<div dir=\"auto\"><\/div>\n<div dir=\"auto\"><\/div>\n<div dir=\"auto\"><\/div>\n<div dir=\"auto\">Quan tormem, compartirem m\u00e9s d&#8217;aquesta maravellosa experiencia.<\/div>\n<div dir=\"auto\"><\/div>\n","protected":false},"excerpt":{"rendered":"<p>Aquesta darrera setmana un grup d&#8217;alumnes del institut Antoni Cumella estan participant del programa Erasmus + sobre el ciber-assetjament a Riga, la capital de Let\u00f2nia.<br \/>\nL&#8217;experi\u00e8ncia est\u00e0 essent molt interessant i enriquidora en molts sentits, ja que no nom\u00e9s treballen amb un grup format per vuit&hellip;  <a href=\"https:\/\/agora.xtec.cat\/iesacumella\/portada\/erasmus-a-letonia\/\" title=\"Read Erasmus + a Riga, Let\u00f2nia\">Llegeix m\u00e9s\u00bb<\/a><\/p>\n","protected":false},"author":1,"featured_media":5303,"comment_status":"closed","ping_status":"closed","sticky":false,"template":"","format":"standard","meta":{"_bbp_topic_count":0,"_bbp_reply_count":0,"_bbp_total_topic_count":0,"_bbp_total_reply_count":0,"_bbp_voice_count":0,"_bbp_anonymous_reply_count":0,"_bbp_topic_count_hidden":0,"_bbp_reply_count_hidden":0,"_bbp_forum_subforum_count":0,"footnotes":""},"categories":[29],"tags":[],"class_list":["post-5604","post","type-post","status-publish","format-standard","has-post-thumbnail","hentry","category-portada"],"post_mailing_queue_ids":[],"_links":{"self":[{"href":"https:\/\/agora.xtec.cat\/iesacumella\/wp-json\/wp\/v2\/posts\/5604","targetHints":{"allow":["GET"]}}],"collection":[{"href":"https:\/\/agora.xtec.cat\/iesacumella\/wp-json\/wp\/v2\/posts"}],"about":[{"href":"https:\/\/agora.xtec.cat\/iesacumella\/wp-json\/wp\/v2\/types\/post"}],"author":[{"embeddable":true,"href":"https:\/\/agora.xtec.cat\/iesacumella\/wp-json\/wp\/v2\/users\/1"}],"replies":[{"embeddable":true,"href":"https:\/\/agora.xtec.cat\/iesacumella\/wp-json\/wp\/v2\/comments?post=5604"}],"version-history":[{"count":1,"href":"https:\/\/agora.xtec.cat\/iesacumella\/wp-json\/wp\/v2\/posts\/5604\/revisions"}],"predecessor-version":[{"id":5831,"href":"https:\/\/agora.xtec.cat\/iesacumella\/wp-json\/wp\/v2\/posts\/5604\/revisions\/5831"}],"wp:featuredmedia":[{"embeddable":true,"href":"https:\/\/agora.xtec.cat\/iesacumella\/wp-json\/"}],"wp:attachment":[{"href":"https:\/\/agora.xtec.cat\/iesacumella\/wp-json\/wp\/v2\/media?parent=5604"}],"wp:term":[{"taxonomy":"category","embeddable":true,"href":"https:\/\/agora.xtec.cat\/iesacumella\/wp-json\/wp\/v2\/categories?post=5604"},{"taxonomy":"post_tag","embeddable":true,"href":"https:\/\/agora.xtec.cat\/iesacumella\/wp-json\/wp\/v2\/tags?post=5604"}],"curies":[{"name":"wp","href":"https:\/\/api.w.org\/{rel}","templated":true}]}}