{"id":5601,"date":"2018-04-10T15:57:25","date_gmt":"2018-04-10T14:57:25","guid":{"rendered":"http:\/\/blog.iesacumella.cat\/?p=5098"},"modified":"2018-07-16T15:16:16","modified_gmt":"2018-07-16T13:16:16","slug":"visita-parc-bombers-granollers","status":"publish","type":"post","link":"https:\/\/agora.xtec.cat\/iesacumella\/portada\/visita-parc-bombers-granollers\/","title":{"rendered":"Visita al parc de bombers de Granollers."},"content":{"rendered":"<p>El passat 15 de febrer els alumnes de tercer d&#8217;ESO vam realitzar la visita al parc de bombers de Granollers.<\/p>\n<p>Ens van separar en dos grups per tal de tenir una explicaci\u00f3 m\u00e9s te\u00f2rica i una de m\u00e9s pr\u00e0ctica.<\/p>\n<p>A la part te\u00f2rica ens van explicar tot el funcionament del parc, els diferents tipus de camions i per a qu\u00e8 serveix cadascun, i com de dif\u00edcil \u00e9s poder arribar a ser bomber de la Generalitat ja que hi ha la part te\u00f2rica (no ens pod\u00edem imaginar pas quant hem d&#8217;estudiar per poder passar les oposicions!!!!!) i la part de les proves f\u00edsiques a la qual la majoria es fixa.<\/p>\n<p><a href=\"http:\/\/agora.xtec.cat\/iesacumella\/wp-content\/uploads\/usu1642\/2018\/04\/IMG_20180215_111806-Marc-Quintana-Vallmitjana.jpg\"><br \/>\n<\/a> <a href=\"http:\/\/agora.xtec.cat\/iesacumella\/wp-content\/uploads\/usu1642\/2018\/04\/IMG_20180215_103243-Marc-Quintana-Vallmitjana.jpg\"><img loading=\"lazy\" decoding=\"async\" class=\"aligncenter size-medium wp-image-5122\" src=\"http:\/\/agora.xtec.cat\/iesacumella\/wp-content\/uploads\/usu1642\/2018\/04\/IMG_20180215_103243-Marc-Quintana-Vallmitjana-300x225.jpg\" alt=\"IMG_20180215_103243 - Marc Quintana Vallmitjana\" width=\"300\" height=\"225\" \/><\/a><\/p>\n<p>A la part pr\u00e0ctica ens van ensenyar algunes eines hidr\u00e0uliques i com utilitzar-les per elevar cotxes, parets esfondrades,&#8230;.va ser impressionant veure quina for\u00e7a tenen i com de r\u00e0pid ho aconsegueixen i quina sang freda han de tenir els bombers per poder fer la seva feina sense perdre els nervis.<\/p>\n<p>Ens van explicar que hi ha un bomber que sempre va directament a les v\u00edctimes per calmar-les i fer els primers auxilis i la resta es posen a treballar per ser el m\u00e9s r\u00e0pids possibles.<\/p>\n<p>Quina gran experi\u00e8ncia, quina gran amabilitat i quines ganes d&#8217;ensenyar la seva professi\u00f3!!!!! Moltes gr\u00e0cies bombers!!!!<\/p>\n<p><a href=\"http:\/\/agora.xtec.cat\/iesacumella\/wp-content\/uploads\/usu1642\/2018\/04\/IMG_20180215_111806-Marc-Quintana-Vallmitjana.jpg\"><img loading=\"lazy\" decoding=\"async\" class=\"aligncenter size-medium wp-image-5120\" src=\"http:\/\/agora.xtec.cat\/iesacumella\/wp-content\/uploads\/usu1642\/2018\/04\/IMG_20180215_111806-Marc-Quintana-Vallmitjana-300x225.jpg\" alt=\"IMG_20180215_111806 - Marc Quintana Vallmitjana\" width=\"300\" height=\"225\" srcset=\"https:\/\/agora.xtec.cat\/iesacumella\/wp-content\/uploads\/usu1642\/2018\/04\/IMG_20180215_111806-Marc-Quintana-Vallmitjana-300x225.jpg 300w, https:\/\/agora.xtec.cat\/iesacumella\/wp-content\/uploads\/usu1642\/2018\/04\/IMG_20180215_111806-Marc-Quintana-Vallmitjana-768x576.jpg 768w, https:\/\/agora.xtec.cat\/iesacumella\/wp-content\/uploads\/usu1642\/2018\/04\/IMG_20180215_111806-Marc-Quintana-Vallmitjana-1024x768.jpg 1024w, https:\/\/agora.xtec.cat\/iesacumella\/wp-content\/uploads\/usu1642\/2018\/04\/IMG_20180215_111806-Marc-Quintana-Vallmitjana-200x150.jpg 200w\" sizes=\"auto, (max-width: 300px) 100vw, 300px\" \/><\/a><\/p>\n","protected":false},"excerpt":{"rendered":"<p>El passat 15 de febrer els alumnes de tercer d&#8217;ESO vam realitzar la visita al parc de bombers de Granollers.<br \/>\nEns van separar en dos grups per tal de tenir una explicaci\u00f3 m\u00e9s te\u00f2rica i una de m\u00e9s pr\u00e0ctica.<br \/>\nA la part te\u00f2rica ens van explicar tot&hellip;  <a href=\"https:\/\/agora.xtec.cat\/iesacumella\/portada\/visita-parc-bombers-granollers\/\" title=\"Read Visita al parc de bombers de Granollers.\">Llegeix m\u00e9s\u00bb<\/a><\/p>\n","protected":false},"author":1,"featured_media":5122,"comment_status":"closed","ping_status":"closed","sticky":false,"template":"","format":"standard","meta":{"_bbp_topic_count":0,"_bbp_reply_count":0,"_bbp_total_topic_count":0,"_bbp_total_reply_count":0,"_bbp_voice_count":0,"_bbp_anonymous_reply_count":0,"_bbp_topic_count_hidden":0,"_bbp_reply_count_hidden":0,"_bbp_forum_subforum_count":0,"footnotes":""},"categories":[29],"tags":[],"class_list":["post-5601","post","type-post","status-publish","format-standard","has-post-thumbnail","hentry","category-portada"],"post_mailing_queue_ids":[],"_links":{"self":[{"href":"https:\/\/agora.xtec.cat\/iesacumella\/wp-json\/wp\/v2\/posts\/5601","targetHints":{"allow":["GET"]}}],"collection":[{"href":"https:\/\/agora.xtec.cat\/iesacumella\/wp-json\/wp\/v2\/posts"}],"about":[{"href":"https:\/\/agora.xtec.cat\/iesacumella\/wp-json\/wp\/v2\/types\/post"}],"author":[{"embeddable":true,"href":"https:\/\/agora.xtec.cat\/iesacumella\/wp-json\/wp\/v2\/users\/1"}],"replies":[{"embeddable":true,"href":"https:\/\/agora.xtec.cat\/iesacumella\/wp-json\/wp\/v2\/comments?post=5601"}],"version-history":[{"count":1,"href":"https:\/\/agora.xtec.cat\/iesacumella\/wp-json\/wp\/v2\/posts\/5601\/revisions"}],"predecessor-version":[{"id":5835,"href":"https:\/\/agora.xtec.cat\/iesacumella\/wp-json\/wp\/v2\/posts\/5601\/revisions\/5835"}],"wp:featuredmedia":[{"embeddable":true,"href":"https:\/\/agora.xtec.cat\/iesacumella\/wp-json\/wp\/v2\/menu-items\/5122"}],"wp:attachment":[{"href":"https:\/\/agora.xtec.cat\/iesacumella\/wp-json\/wp\/v2\/media?parent=5601"}],"wp:term":[{"taxonomy":"category","embeddable":true,"href":"https:\/\/agora.xtec.cat\/iesacumella\/wp-json\/wp\/v2\/categories?post=5601"},{"taxonomy":"post_tag","embeddable":true,"href":"https:\/\/agora.xtec.cat\/iesacumella\/wp-json\/wp\/v2\/tags?post=5601"}],"curies":[{"name":"wp","href":"https:\/\/api.w.org\/{rel}","templated":true}]}}