{"id":5597,"date":"2018-03-12T13:04:42","date_gmt":"2018-03-12T12:04:42","guid":{"rendered":"http:\/\/blog.iesacumella.cat\/?p=5059"},"modified":"2018-07-16T15:16:17","modified_gmt":"2018-07-16T13:16:17","slug":"casa-bernarda-alba","status":"publish","type":"post","link":"https:\/\/agora.xtec.cat\/iesacumella\/portada\/estudis\/batxillerat\/casa-bernarda-alba\/","title":{"rendered":"La casa de Bernarda Alba"},"content":{"rendered":"<p style=\"font-weight: 400;\"><a href=\"http:\/\/blog.iesacumella.cat\/wp-content\/uploads\/2018\/03\/DSC_1004.jpg\"><img loading=\"lazy\" decoding=\"async\" class=\"alignnone size-medium wp-image-5062\" src=\"http:\/\/blog.iesacumella.cat\/wp-content\/uploads\/2018\/03\/DSC_1004-300x169.jpg\" alt=\"DSC_1004\" width=\"300\" height=\"169\" \/><\/a> <a href=\"http:\/\/blog.iesacumella.cat\/wp-content\/uploads\/2018\/03\/IMG-20180309-WA0008.jpg\"><img loading=\"lazy\" decoding=\"async\" class=\"alignnone size-medium wp-image-5063\" src=\"http:\/\/blog.iesacumella.cat\/wp-content\/uploads\/2018\/03\/IMG-20180309-WA0008-300x169.jpg\" alt=\"IMG-20180309-WA0008\" width=\"300\" height=\"169\" \/><\/a>Dilluns 5 de mar\u00e7, un dia ple d\u2019emocions per als nostres alumnes de batxillerat gr\u00e0cies a l\u2019enc\u00eds del teatre. A primera hora del mat\u00ed, al Centre Cultural de Granollers vam veure representada, de la m\u00e0 de\u00a0<em>Transeduca<\/em>, una adaptaci\u00f3 de\u00a0<em>La casa de Bernarda Alba,\u00a0<\/em>obra escrita pel genial Federico Garc\u00eda Lorca.\u00a0\u00a0Aquesta pe\u00e7a, inspirada en fets reals, est\u00e0 ambientada en un moment contemporani a l\u2019autor (1936) i suposa una gran reflexi\u00f3 cr\u00edtica sobre els costums d\u2019aquella \u00e8poca, sobre el paper de la dona, la tirania de l\u2019honor i la repressi\u00f3 del desig.<\/p>\n<p style=\"font-weight: 400;\">El dia va continuar oferint-nos sorpreses&#8230; Vam enlla\u00e7ar amb un altre dels cl\u00e0ssics de la literatura espanyola, les\u00a0<em>Novelas Ejemplares<\/em>\u00a0d\u2019en Miguel de Cervantes. Els actors de la companyia del Llevant Teatre ens van oferir una distesa adaptaci\u00f3, presos per l\u2019enginy del brillant autor, revivint en pr\u00f2pia pell les apassionants hist\u00f2ries d\u2019intriga i amistat que impregnen les novel\u00b7les.<\/p>\n<p style=\"font-weight: 400;\">El Departament de Llengua castellana ha organitzat aquestes propostes per entendre i valorar dues de les lectures prescriptives del batxillerat&#8230; i perqu\u00e8 els nostres alumnes tinguessin l\u2019oportunitat de gaudir de l\u2019encant de les arts esc\u00e8niques. Ambd\u00f3s objectius assolits!<\/p>\n","protected":false},"excerpt":{"rendered":"<p><a href=\"http:\/\/blog.iesacumella.cat\/wp-content\/uploads\/2018\/03\/DSC_1004.jpg\"><\/a> <a href=\"http:\/\/blog.iesacumella.cat\/wp-content\/uploads\/2018\/03\/IMG-20180309-WA0008.jpg\"><\/a>Dilluns 5 de mar\u00e7, un dia ple d\u2019emocions per als nostres alumnes de batxillerat gr\u00e0cies a l\u2019enc\u00eds del teatre. A primera hora del mat\u00ed, al Centre Cultural de Granollers vam veure representada, de la m\u00e0 de\u00a0Transeduca, una adaptaci\u00f3 de\u00a0La casa de Bernarda&hellip;  <a href=\"https:\/\/agora.xtec.cat\/iesacumella\/portada\/estudis\/batxillerat\/casa-bernarda-alba\/\" title=\"Read La casa de Bernarda Alba\">Llegeix m\u00e9s\u00bb<\/a><\/p>\n","protected":false},"author":1,"featured_media":5063,"comment_status":"closed","ping_status":"closed","sticky":false,"template":"","format":"standard","meta":{"_bbp_topic_count":0,"_bbp_reply_count":0,"_bbp_total_topic_count":0,"_bbp_total_reply_count":0,"_bbp_voice_count":0,"_bbp_anonymous_reply_count":0,"_bbp_topic_count_hidden":0,"_bbp_reply_count_hidden":0,"_bbp_forum_subforum_count":0,"footnotes":""},"categories":[8,110,29],"tags":[],"class_list":["post-5597","post","type-post","status-publish","format-standard","has-post-thumbnail","hentry","category-batxillerat","category-llengua-castellana","category-portada"],"post_mailing_queue_ids":[],"_links":{"self":[{"href":"https:\/\/agora.xtec.cat\/iesacumella\/wp-json\/wp\/v2\/posts\/5597","targetHints":{"allow":["GET"]}}],"collection":[{"href":"https:\/\/agora.xtec.cat\/iesacumella\/wp-json\/wp\/v2\/posts"}],"about":[{"href":"https:\/\/agora.xtec.cat\/iesacumella\/wp-json\/wp\/v2\/types\/post"}],"author":[{"embeddable":true,"href":"https:\/\/agora.xtec.cat\/iesacumella\/wp-json\/wp\/v2\/users\/1"}],"replies":[{"embeddable":true,"href":"https:\/\/agora.xtec.cat\/iesacumella\/wp-json\/wp\/v2\/comments?post=5597"}],"version-history":[{"count":1,"href":"https:\/\/agora.xtec.cat\/iesacumella\/wp-json\/wp\/v2\/posts\/5597\/revisions"}],"predecessor-version":[{"id":5840,"href":"https:\/\/agora.xtec.cat\/iesacumella\/wp-json\/wp\/v2\/posts\/5597\/revisions\/5840"}],"wp:featuredmedia":[{"embeddable":true,"href":"https:\/\/agora.xtec.cat\/iesacumella\/wp-json\/wp\/v2\/menu-items\/5063"}],"wp:attachment":[{"href":"https:\/\/agora.xtec.cat\/iesacumella\/wp-json\/wp\/v2\/media?parent=5597"}],"wp:term":[{"taxonomy":"category","embeddable":true,"href":"https:\/\/agora.xtec.cat\/iesacumella\/wp-json\/wp\/v2\/categories?post=5597"},{"taxonomy":"post_tag","embeddable":true,"href":"https:\/\/agora.xtec.cat\/iesacumella\/wp-json\/wp\/v2\/tags?post=5597"}],"curies":[{"name":"wp","href":"https:\/\/api.w.org\/{rel}","templated":true}]}}