{"id":5595,"date":"2018-03-10T20:33:17","date_gmt":"2018-03-10T19:33:17","guid":{"rendered":"http:\/\/blog.iesacumella.cat\/?p=5046"},"modified":"2018-07-16T15:16:17","modified_gmt":"2018-07-16T13:16:17","slug":"english-day","status":"publish","type":"post","link":"https:\/\/agora.xtec.cat\/iesacumella\/portada\/english-day\/","title":{"rendered":"ENGLISH DAY"},"content":{"rendered":"<div data-contents=\"true\">\n<div class=\"\" data-block=\"true\" data-editor=\"7gil7\" data-offset-key=\"a3cda-0-0\">\n<div class=\"_1mf _1mj\" data-offset-key=\"a3cda-0-0\"><span data-offset-key=\"a3cda-0-0\"><span data-text=\"true\">ENGLISH DAY!!<\/span><\/span><\/div>\n<\/div>\n<div class=\"\" data-block=\"true\" data-editor=\"7gil7\" data-offset-key=\"67bet-0-0\">\n<div class=\"_1mf _1mj\" data-offset-key=\"67bet-0-0\"><span data-offset-key=\"67bet-0-0\">\u00a0<\/span><\/div>\n<\/div>\n<div class=\"\" data-block=\"true\" data-editor=\"7gil7\" data-offset-key=\"7e9a5-0-0\">\n<div class=\"_1mf _1mj\" data-offset-key=\"7e9a5-0-0\"><span data-offset-key=\"7e9a5-0-0\"><span data-text=\"true\">Volem donar les gr\u00e0cies a les escoles de prim\u00e0ria participants en aquest fant\u00e0stic dia. Gr\u00e0cies, ESC Pereanton, ESC Salvador Espriu i ESC Granollers!!!<\/span><\/span><\/div>\n<\/div>\n<div class=\"\" data-block=\"true\" data-editor=\"7gil7\" data-offset-key=\"77li2-0-0\">\n<div class=\"_1mf _1mj\" data-offset-key=\"77li2-0-0\"><span data-offset-key=\"77li2-0-0\">\u00a0<\/span><\/div>\n<\/div>\n<div class=\"\" data-block=\"true\" data-editor=\"7gil7\" data-offset-key=\"ddisb-0-0\">\n<div class=\"_1mf _1mj\" data-offset-key=\"ddisb-0-0\"><span data-offset-key=\"ddisb-0-0\"><span data-text=\"true\">I&#8230;properament, el v\u00eddeo oficial!!!<\/span><\/span><\/div>\n<\/div>\n<div class=\"\" data-block=\"true\" data-editor=\"7gil7\" data-offset-key=\"1ov8d-0-0\">\n<div class=\"_1mf _1mj\" data-offset-key=\"1ov8d-0-0\"><span data-offset-key=\"1ov8d-0-0\">\u00a0<\/span><\/div>\n<\/div>\n<div class=\"\" data-block=\"true\" data-editor=\"7gil7\" data-offset-key=\"6cd2e-0-0\">\n<div class=\"_1mf _1mj\" data-offset-key=\"6cd2e-0-0\"><a href=\"http:\/\/serveiseducatius.xtec.cat\/vallesoriental1\/general\/english-day-ins-antoni-cumella\/\"><span data-offset-key=\"6cd2e-0-0\"><span data-text=\"true\">http:\/\/serveiseducatius.xtec.cat\/vallesoriental1\/general\/english-day-ins-antoni-cumella\/<\/span><\/span><\/a><\/div>\n<\/div>\n<\/div>\n","protected":false},"excerpt":{"rendered":"<p>ENGLISH DAY!!<\/p>\n<p>\u00a0<\/p>\n<p>Volem donar les gr\u00e0cies a les escoles de prim\u00e0ria participants en aquest fant\u00e0stic dia. Gr\u00e0cies, ESC Pereanton, ESC Salvador Espriu i ESC Granollers!!!<\/p>\n<p>\u00a0<\/p>\n<p>I&#8230;properament, el v\u00eddeo oficial!!!<\/p>\n<p>\u00a0<\/p>\n<p><a href=\"http:\/\/serveiseducatius.xtec.cat\/vallesoriental1\/general\/english-day-ins-antoni-cumella\/\">http:\/\/serveiseducatius.xtec.cat\/vallesoriental1\/general\/english-day-ins-antoni-cumella\/<\/a><\/p>\n","protected":false},"author":1,"featured_media":0,"comment_status":"closed","ping_status":"closed","sticky":false,"template":"","format":"standard","meta":{"_bbp_topic_count":0,"_bbp_reply_count":0,"_bbp_total_topic_count":0,"_bbp_total_reply_count":0,"_bbp_voice_count":0,"_bbp_anonymous_reply_count":0,"_bbp_topic_count_hidden":0,"_bbp_reply_count_hidden":0,"_bbp_forum_subforum_count":0,"footnotes":""},"categories":[29],"tags":[],"class_list":["post-5595","post","type-post","status-publish","format-standard","hentry","category-portada"],"post_mailing_queue_ids":[],"_links":{"self":[{"href":"https:\/\/agora.xtec.cat\/iesacumella\/wp-json\/wp\/v2\/posts\/5595","targetHints":{"allow":["GET"]}}],"collection":[{"href":"https:\/\/agora.xtec.cat\/iesacumella\/wp-json\/wp\/v2\/posts"}],"about":[{"href":"https:\/\/agora.xtec.cat\/iesacumella\/wp-json\/wp\/v2\/types\/post"}],"author":[{"embeddable":true,"href":"https:\/\/agora.xtec.cat\/iesacumella\/wp-json\/wp\/v2\/users\/1"}],"replies":[{"embeddable":true,"href":"https:\/\/agora.xtec.cat\/iesacumella\/wp-json\/wp\/v2\/comments?post=5595"}],"version-history":[{"count":1,"href":"https:\/\/agora.xtec.cat\/iesacumella\/wp-json\/wp\/v2\/posts\/5595\/revisions"}],"predecessor-version":[{"id":5841,"href":"https:\/\/agora.xtec.cat\/iesacumella\/wp-json\/wp\/v2\/posts\/5595\/revisions\/5841"}],"wp:attachment":[{"href":"https:\/\/agora.xtec.cat\/iesacumella\/wp-json\/wp\/v2\/media?parent=5595"}],"wp:term":[{"taxonomy":"category","embeddable":true,"href":"https:\/\/agora.xtec.cat\/iesacumella\/wp-json\/wp\/v2\/categories?post=5595"},{"taxonomy":"post_tag","embeddable":true,"href":"https:\/\/agora.xtec.cat\/iesacumella\/wp-json\/wp\/v2\/tags?post=5595"}],"curies":[{"name":"wp","href":"https:\/\/api.w.org\/{rel}","templated":true}]}}