{"id":5594,"date":"2018-03-10T09:29:02","date_gmt":"2018-03-10T08:29:02","guid":{"rendered":"http:\/\/blog.iesacumella.cat\/?p=5038"},"modified":"2018-07-16T15:16:17","modified_gmt":"2018-07-16T13:16:17","slug":"preinscripcio-pel-curs-2018-2019-2","status":"publish","type":"post","link":"https:\/\/agora.xtec.cat\/iesacumella\/portada\/preinscripcio-pel-curs-2018-2019-2\/","title":{"rendered":"Preinscripci\u00f3 pel curs 2018-2019 (ESO)"},"content":{"rendered":"<div class=\"FW_sPregunta FW_sImpacte\">\n<h4 class=\"FW_ancora\" style=\"text-align: center;\"><a href=\"http:\/\/agora.xtec.cat\/iesacumella\/wp-content\/uploads\/usu1642\/2018\/03\/preinscripci\u00f3.pdf\">Documents de Centre per a la preinscripci\u00f3<\/a><\/h4>\n<p>&nbsp;<\/p>\n<h4 class=\"FW_ancora\" style=\"text-align: center;\">Dates de la preinscripci\u00f3<\/h4>\n<div class=\"FW_sArticleFoto\">\n<div class=\"FW_sEditPro\">\n<p>La resoluci\u00f3 per a la preinscripci\u00f3 del curs 2018-2019 ja s&#8217;ha publicat al DOGC.<\/p>\n<p>El\u00a0<strong>termini\u00a0<\/strong>de presentaci\u00f3 de sol\u00b7licituds \u00e9s el seg\u00fcent:<\/p>\n<p>Del\u00a0<strong>13 al 24 d&#8217;abril<\/strong>, per educaci\u00f3 secund\u00e0ria obligat\u00f2ria.<\/p>\n<p style=\"text-align: center;\"><strong>Documentaci\u00f3 que cal presentar:<\/strong><\/p>\n<p>La sol\u00b7licitud que faciliten els centres <u>\u00c9S \u00daNICA<\/u> i cal presentar-la al centre demanat en <u>PRIMER LLOC<\/u>.<\/p>\n<\/div>\n<\/div>\n<div class=\"FW_clear FW_hrBlanc\">\n<p><strong>Documentaci\u00f3 general:<\/strong><\/p>\n<ul>\n<li>Full de preinscripci\u00f3<\/li>\n<li><u>Original i fotoc\u00f2pia<\/u> de <strong>tots<\/strong> els fulls escrits del <strong>llibre de fam\u00edlia<\/strong><\/li>\n<li><u>Original i fotoc\u00f2pia<\/u> del <strong>DNI del pare, mare i\/o tutor\/a<\/strong> o targeta de resid\u00e8ncia NIE per persones estrangeres.<\/li>\n<li><u>Original i fotoc\u00f2pia<\/u> del <strong>DNI de l\u2019alumne\/a<\/strong> o targeta de resid\u00e8ncia NIE per persones estrangeres.<\/li>\n<li><u>Original i fotoc\u00f2pia<\/u> de la <strong>TIS<\/strong> (Targeta Sanit\u00e0ria Individual)<\/li>\n<\/ul>\n<p><strong>Documentaci\u00f3 espec\u00edfica:<\/strong><\/p>\n<ul>\n<li>En cas que l\u2019adre\u00e7a del <strong>DNI\/NIE<\/strong> no coincideixi amb la del full de sol\u00b7licitud, caldr\u00e0 aportar <strong><u>certificat original de conviv\u00e8ncia i resguard de renovaci\u00f3 del DNI\/NIE<\/u><\/strong><u>.<\/u><\/li>\n<li><u>Original i fotoc\u00f2pia<\/u> del <strong>carnet vigent de fam\u00edlia nombrosa i\/o monoparental<\/strong><\/li>\n<li><u>Original i Fotoc\u00f2pia<\/u> beneficiari de <strong><u>Renda m\u00ednima d\u2019inserci\u00f3<\/u><\/strong><\/li>\n<li><u>Original i fotoc\u00f2pia<\/u> del <strong>Certificat de discapacitat<\/strong><\/li>\n<li><u>Original i fotoc\u00f2pia<\/u> del <strong>Certificat malaltia cr\u00f2nica<\/strong><\/li>\n<li><u>Pare, mare, germans ex-alumnes: <\/u>facilitar dades per la comprovaci\u00f3 a l\u2019arxiu del centre.<\/li>\n<\/ul>\n<p style=\"text-align: center;\"><strong><u>LLOC DE RECOLLIDA DELS FULLS DE PREINSCRIPCI\u00d3<\/u><\/strong><\/p>\n<p style=\"text-align: center;\"><strong><u>Consergeria del centre<\/u><\/strong><u> : <\/u><\/p>\n<p style=\"text-align: center;\"><strong>HORARI: De dilluns a divendres , de 9 a 20 hores<\/strong><\/p>\n<p style=\"text-align: center;\"><strong><u>LLOC DE PRESENTACI\u00d3 DE LA DOCUMENTACI\u00d3 <\/u><\/strong><\/p>\n<p style=\"text-align: center;\"><u>\u00a0<\/u><strong><u>Secretaria del centre<\/u><\/strong><\/p>\n<p style=\"text-align: center;\"><strong>\u00a0<\/strong><strong>HORARI: <\/strong><\/p>\n<p style=\"text-align: center;\"><strong>D<\/strong><strong>el 13 al 24 d\u2019abril<\/strong><\/p>\n<p style=\"text-align: center;\"><strong>De dilluns a divendres de 10:30 a 12:30 hores<\/strong><\/p>\n<p style=\"text-align: center;\"><strong>De dilluns a dijous de 16:00 a 18:00 hores (excepcionalment per a preinscripci\u00f3)<br \/>\n<\/strong><\/p>\n<p>Aqu\u00ed trobareu tota la informaci\u00f3 general:<\/p>\n<p><a href=\"http:\/\/queestudiar.gencat.cat\/ca\/preinscripcio\/estudis\/obligatoris\/\">Aqu\u00ed trobareu tota la informaci\u00f3 general<\/a><\/p>\n<p><a href=\"http:\/\/agora.xtec.cat\/iesacumella\/wp-content\/uploads\/usu1642\/2018\/03\/preinscripci\u00f3.pdf\">Documents de Centre per a la preinscripci\u00f3<\/a><\/p>\n<p><a href=\"http:\/\/ensenyament.gencat.cat\/web\/shared\/OVT\/Departaments\/ENS\/TramitOVT\/preinscripcio\/obligatoris\/obligatoria_emp.pdf\">Full de preinscripci\u00f3<\/a><\/p>\n<\/div>\n<\/div>\n<div class=\"FW_sPregunta FW_sImpacte\">\u00a0Presentaci\u00f3 de la Jornada de portes obertes pel curs 2018-2019<\/div>\n<div class=\"FW_sPregunta FW_sImpacte\"><\/div>\n<\/div>\n<\/div>\n<p style=\"margin: 12px auto 6px auto; font-family: Helvetica,Arial,Sans-serif; font-style: normal; font-variant: normal; font-weight: normal; font-size: 14px; line-height: normal; font-size-adjust: none; font-stretch: normal; -x-system-font: none; display: block;\"><a style=\"text-decoration: underline;\" title=\"View Presentaci\u00f3 Secund\u00e0ria Curs 2018-2019 on Scribd\" href=\"https:\/\/www.scribd.com\/document\/374262731\/Presentacio-Secundaria-Curs-2018-2019#from_embed\">Presentaci\u00f3 Secund\u00e0ria Curs 2018-2019<\/a> by <a style=\"text-decoration: underline;\" title=\"View Llu\u00ed\u00ads Serra Gil's profile on Scribd\" href=\"https:\/\/www.scribd.com\/user\/364765361\/Llui-s-Serra-Gil#from_embed\">Llu\u00ed\u00ads Serra Gil<\/a> on Scribd<\/p>\n<p><iframe loading=\"lazy\" id=\"doc_95106\" class=\"scribd_iframe_embed\" title=\"Presentaci\u00f3 Secund\u00e0ria Curs 2018-2019\" src=\"https:\/\/www.scribd.com\/embeds\/374262731\/content?start_page=1&amp;view_mode=scroll&amp;access_key=key-rZdKrkc7Q1JuWuAy95ED&amp;show_recommendations=true\" width=\"100%\" height=\"600\" frameborder=\"0\" scrolling=\"no\" data-auto-height=\"false\" data-aspect-ratio=\"1.7790927021696252\"><\/iframe><\/p>\n","protected":false},"excerpt":{"rendered":"<p><a href=\"http:\/\/agora.xtec.cat\/iesacumella\/wp-content\/uploads\/usu1642\/2018\/03\/preinscripci\u00f3.pdf\">Documents de Centre per a la preinscripci\u00f3<\/a><br \/>\n&nbsp;<br \/>\nDates de la preinscripci\u00f3<\/p>\n<p>La resoluci\u00f3 per a la preinscripci\u00f3 del curs 2018-2019 ja s&#8217;ha publicat al DOGC.<br \/>\nEl\u00a0termini\u00a0de presentaci\u00f3 de sol\u00b7licituds \u00e9s el seg\u00fcent:<br \/>\nDel\u00a013 al 24 d&#8217;abril, per educaci\u00f3 secund\u00e0ria obligat\u00f2ria.<br \/>\nDocumentaci\u00f3 que cal presentar:<br \/>\nLa sol\u00b7licitud que faciliten els centres&hellip;  <a href=\"https:\/\/agora.xtec.cat\/iesacumella\/portada\/preinscripcio-pel-curs-2018-2019-2\/\" title=\"Read Preinscripci\u00f3 pel curs 2018-2019 (ESO)\">Llegeix m\u00e9s\u00bb<\/a><\/p>\n","protected":false},"author":1,"featured_media":5040,"comment_status":"closed","ping_status":"closed","sticky":false,"template":"","format":"standard","meta":{"_bbp_topic_count":0,"_bbp_reply_count":0,"_bbp_total_topic_count":0,"_bbp_total_reply_count":0,"_bbp_voice_count":0,"_bbp_anonymous_reply_count":0,"_bbp_topic_count_hidden":0,"_bbp_reply_count_hidden":0,"_bbp_forum_subforum_count":0,"footnotes":""},"categories":[29],"tags":[],"class_list":["post-5594","post","type-post","status-publish","format-standard","has-post-thumbnail","hentry","category-portada"],"post_mailing_queue_ids":[],"_links":{"self":[{"href":"https:\/\/agora.xtec.cat\/iesacumella\/wp-json\/wp\/v2\/posts\/5594","targetHints":{"allow":["GET"]}}],"collection":[{"href":"https:\/\/agora.xtec.cat\/iesacumella\/wp-json\/wp\/v2\/posts"}],"about":[{"href":"https:\/\/agora.xtec.cat\/iesacumella\/wp-json\/wp\/v2\/types\/post"}],"author":[{"embeddable":true,"href":"https:\/\/agora.xtec.cat\/iesacumella\/wp-json\/wp\/v2\/users\/1"}],"replies":[{"embeddable":true,"href":"https:\/\/agora.xtec.cat\/iesacumella\/wp-json\/wp\/v2\/comments?post=5594"}],"version-history":[{"count":1,"href":"https:\/\/agora.xtec.cat\/iesacumella\/wp-json\/wp\/v2\/posts\/5594\/revisions"}],"predecessor-version":[{"id":5842,"href":"https:\/\/agora.xtec.cat\/iesacumella\/wp-json\/wp\/v2\/posts\/5594\/revisions\/5842"}],"wp:featuredmedia":[{"embeddable":true,"href":"https:\/\/agora.xtec.cat\/iesacumella\/wp-json\/"}],"wp:attachment":[{"href":"https:\/\/agora.xtec.cat\/iesacumella\/wp-json\/wp\/v2\/media?parent=5594"}],"wp:term":[{"taxonomy":"category","embeddable":true,"href":"https:\/\/agora.xtec.cat\/iesacumella\/wp-json\/wp\/v2\/categories?post=5594"},{"taxonomy":"post_tag","embeddable":true,"href":"https:\/\/agora.xtec.cat\/iesacumella\/wp-json\/wp\/v2\/tags?post=5594"}],"curies":[{"name":"wp","href":"https:\/\/api.w.org\/{rel}","templated":true}]}}