{"id":5511,"date":"2018-06-08T12:11:41","date_gmt":"2018-06-08T11:11:41","guid":{"rendered":"http:\/\/blog.iesacumella.cat\/?p=5511"},"modified":"2018-07-16T15:15:26","modified_gmt":"2018-07-16T13:15:26","slug":"excursio-a-empuries","status":"publish","type":"post","link":"https:\/\/agora.xtec.cat\/iesacumella\/portada\/excursio-a-empuries\/","title":{"rendered":"Excursi\u00f3 a Emp\u00faries"},"content":{"rendered":"<p>El passat 2 de maig els alumnes de 1r d&#8217;ESO vam gaudir d&#8217;una jornada cultural a la ciutat d&#8217;Emp\u00faries. All\u00e0 vam dur a terme una gincama que portava per nom &#8220;Els racons d&#8217;Emp\u00faries&#8221; i que ens va permetre descobrir on vivien els nostres avantpassats grecs i romans, com vivien i com eren les ciutats que habitaven. A m\u00e9s a m\u00e9s, els guies ens van explicar un munt d&#8217;an\u00e8cdotes de la vida quotidiana i vam poder veure amb els nostres pr\u00f2pis ulls els paisatge del qual gaudien quan sortien de casa. Va ser un dia molt complet i ens ho vam passar la mar de b\u00e9!<\/p>\n<p>&nbsp;<\/p>\n","protected":false},"excerpt":{"rendered":"<p>El passat 2 de maig els alumnes de 1r d&#8217;ESO vam gaudir d&#8217;una jornada cultural a la ciutat d&#8217;Emp\u00faries. All\u00e0 vam dur a terme una gincama que portava per nom &#8220;Els racons d&#8217;Emp\u00faries&#8221; i que ens va permetre descobrir on vivien els nostres avantpassats grecs&hellip;  <a href=\"https:\/\/agora.xtec.cat\/iesacumella\/portada\/excursio-a-empuries\/\" title=\"Read Excursi\u00f3 a Emp\u00faries\">Llegeix m\u00e9s\u00bb<\/a><\/p>\n","protected":false},"author":1,"featured_media":0,"comment_status":"closed","ping_status":"closed","sticky":false,"template":"","format":"standard","meta":{"_bbp_topic_count":0,"_bbp_reply_count":0,"_bbp_total_topic_count":0,"_bbp_total_reply_count":0,"_bbp_voice_count":0,"_bbp_anonymous_reply_count":0,"_bbp_topic_count_hidden":0,"_bbp_reply_count_hidden":0,"_bbp_forum_subforum_count":0,"footnotes":""},"categories":[29],"tags":[],"class_list":["post-5511","post","type-post","status-publish","format-standard","hentry","category-portada"],"post_mailing_queue_ids":[],"_links":{"self":[{"href":"https:\/\/agora.xtec.cat\/iesacumella\/wp-json\/wp\/v2\/posts\/5511","targetHints":{"allow":["GET"]}}],"collection":[{"href":"https:\/\/agora.xtec.cat\/iesacumella\/wp-json\/wp\/v2\/posts"}],"about":[{"href":"https:\/\/agora.xtec.cat\/iesacumella\/wp-json\/wp\/v2\/types\/post"}],"author":[{"embeddable":true,"href":"https:\/\/agora.xtec.cat\/iesacumella\/wp-json\/wp\/v2\/users\/1"}],"replies":[{"embeddable":true,"href":"https:\/\/agora.xtec.cat\/iesacumella\/wp-json\/wp\/v2\/comments?post=5511"}],"version-history":[{"count":1,"href":"https:\/\/agora.xtec.cat\/iesacumella\/wp-json\/wp\/v2\/posts\/5511\/revisions"}],"predecessor-version":[{"id":5805,"href":"https:\/\/agora.xtec.cat\/iesacumella\/wp-json\/wp\/v2\/posts\/5511\/revisions\/5805"}],"wp:attachment":[{"href":"https:\/\/agora.xtec.cat\/iesacumella\/wp-json\/wp\/v2\/media?parent=5511"}],"wp:term":[{"taxonomy":"category","embeddable":true,"href":"https:\/\/agora.xtec.cat\/iesacumella\/wp-json\/wp\/v2\/categories?post=5511"},{"taxonomy":"post_tag","embeddable":true,"href":"https:\/\/agora.xtec.cat\/iesacumella\/wp-json\/wp\/v2\/tags?post=5511"}],"curies":[{"name":"wp","href":"https:\/\/api.w.org\/{rel}","templated":true}]}}