{"id":5502,"date":"2018-05-10T09:36:03","date_gmt":"2018-05-10T07:36:03","guid":{"rendered":"http:\/\/agora.xtec.cat\/iesacumella\/?p=5502"},"modified":"2018-07-16T15:15:27","modified_gmt":"2018-07-16T13:15:27","slug":"mercat-de-tecnologia-vic-2018","status":"publish","type":"post","link":"https:\/\/agora.xtec.cat\/iesacumella\/portada\/general\/mercat-de-tecnologia-vic-2018\/","title":{"rendered":"Mercat de Tecnologia Vic 2018"},"content":{"rendered":"<p><span lang=\"CA\">Enguany\u00a0 v\u00e0rem poder gaudir d\u2019un event excel\u00b7lent, \u00a0on els alumnes del Cumella vam participar-hi com a visitants a la Fira del MdT d\u2019Osona a la UVic<\/span><\/p>\n<p>All\u00e0 s\u2019han trobat amb alumnes d\u2019altres centres d\u00b4Osona que tamb\u00e9 participaven en aquesta activitat. Els alumnes han pogut gaudir de l\u2019exposici\u00f3 i participar en diferents tallers de ci\u00e8ncia i Tecnol\u00f2gia.<\/p>\n<p>D\u00b4aquesta forma el alumnes s\u00b4han engrescar-se una mica m\u00e9s amb la Tecnologia i les seves aplicacions.<\/p>\n<p><a href=\"http:\/\/agora.xtec.cat\/iesacumella\/wp-content\/uploads\/usu1642\/2018\/05\/IMG_20180508_121055.jpg\"><img loading=\"lazy\" decoding=\"async\" class=\"alignnone size-large wp-image-5494\" src=\"http:\/\/agora.xtec.cat\/iesacumella\/wp-content\/uploads\/usu1642\/2018\/05\/IMG_20180508_121055-1024x768.jpg\" alt=\"\" width=\"1024\" height=\"768\" srcset=\"https:\/\/agora.xtec.cat\/iesacumella\/wp-content\/uploads\/usu1642\/2018\/05\/IMG_20180508_121055-1024x768.jpg 1024w, https:\/\/agora.xtec.cat\/iesacumella\/wp-content\/uploads\/usu1642\/2018\/05\/IMG_20180508_121055-300x225.jpg 300w, https:\/\/agora.xtec.cat\/iesacumella\/wp-content\/uploads\/usu1642\/2018\/05\/IMG_20180508_121055-768x576.jpg 768w, https:\/\/agora.xtec.cat\/iesacumella\/wp-content\/uploads\/usu1642\/2018\/05\/IMG_20180508_121055-200x150.jpg 200w\" sizes=\"auto, (max-width: 1024px) 100vw, 1024px\" \/><\/a><\/p>\n","protected":false},"excerpt":{"rendered":"<p>Enguany\u00a0 v\u00e0rem poder gaudir d\u2019un event excel\u00b7lent, \u00a0on els alumnes del Cumella vam participar-hi com a visitants a la Fira del MdT d\u2019Osona a la UVic<br \/>\nAll\u00e0 s\u2019han trobat amb alumnes d\u2019altres centres d\u00b4Osona que tamb\u00e9 participaven en aquesta activitat. Els alumnes han pogut gaudir de&hellip;  <a href=\"https:\/\/agora.xtec.cat\/iesacumella\/portada\/general\/mercat-de-tecnologia-vic-2018\/\" title=\"Read Mercat de Tecnologia Vic 2018\">Llegeix m\u00e9s\u00bb<\/a><\/p>\n","protected":false},"author":1,"featured_media":5494,"comment_status":"open","ping_status":"closed","sticky":false,"template":"","format":"standard","meta":{"_bbp_topic_count":0,"_bbp_reply_count":0,"_bbp_total_topic_count":0,"_bbp_total_reply_count":0,"_bbp_voice_count":0,"_bbp_anonymous_reply_count":0,"_bbp_topic_count_hidden":0,"_bbp_reply_count_hidden":0,"_bbp_forum_subforum_count":0,"footnotes":""},"categories":[1,29,122],"tags":[],"class_list":["post-5502","post","type-post","status-publish","format-standard","has-post-thumbnail","hentry","category-general","category-portada","category-tecnologia"],"post_mailing_queue_ids":[],"_links":{"self":[{"href":"https:\/\/agora.xtec.cat\/iesacumella\/wp-json\/wp\/v2\/posts\/5502","targetHints":{"allow":["GET"]}}],"collection":[{"href":"https:\/\/agora.xtec.cat\/iesacumella\/wp-json\/wp\/v2\/posts"}],"about":[{"href":"https:\/\/agora.xtec.cat\/iesacumella\/wp-json\/wp\/v2\/types\/post"}],"author":[{"embeddable":true,"href":"https:\/\/agora.xtec.cat\/iesacumella\/wp-json\/wp\/v2\/users\/1"}],"replies":[{"embeddable":true,"href":"https:\/\/agora.xtec.cat\/iesacumella\/wp-json\/wp\/v2\/comments?post=5502"}],"version-history":[{"count":1,"href":"https:\/\/agora.xtec.cat\/iesacumella\/wp-json\/wp\/v2\/posts\/5502\/revisions"}],"predecessor-version":[{"id":5503,"href":"https:\/\/agora.xtec.cat\/iesacumella\/wp-json\/wp\/v2\/posts\/5502\/revisions\/5503"}],"wp:featuredmedia":[{"embeddable":true,"href":"https:\/\/agora.xtec.cat\/iesacumella\/wp-json\/wp\/v2\/media\/5494"}],"wp:attachment":[{"href":"https:\/\/agora.xtec.cat\/iesacumella\/wp-json\/wp\/v2\/media?parent=5502"}],"wp:term":[{"taxonomy":"category","embeddable":true,"href":"https:\/\/agora.xtec.cat\/iesacumella\/wp-json\/wp\/v2\/categories?post=5502"},{"taxonomy":"post_tag","embeddable":true,"href":"https:\/\/agora.xtec.cat\/iesacumella\/wp-json\/wp\/v2\/tags?post=5502"}],"curies":[{"name":"wp","href":"https:\/\/api.w.org\/{rel}","templated":true}]}}