{"id":5390,"date":"2018-05-04T09:59:12","date_gmt":"2018-05-04T07:59:12","guid":{"rendered":"http:\/\/agora.xtec.cat\/iesacumella\/?p=5390"},"modified":"2018-07-16T15:15:50","modified_gmt":"2018-07-16T13:15:50","slug":"preinscripcio-batxillerat-2018-2019","status":"publish","type":"post","link":"https:\/\/agora.xtec.cat\/iesacumella\/portada\/general\/preinscripcio-batxillerat-2018-2019\/","title":{"rendered":"Preinscripci\u00f3 Batxillerat 2018-2019"},"content":{"rendered":"<p style=\"text-align: left;\">Els informem que el termini per presentar la\u00a0sol\u00b7licitud de la preinscripci\u00f3 a Batxillerat per al curs 2017\/2018 \u00e9s:<\/p>\n<p style=\"text-align: center;\"><strong>14 a 24 de maig de 2018<\/strong><\/p>\n<p style=\"text-align: justify;\">Al seg\u00fcent enlla\u00e7 teniu la informaci\u00f3 actualitzada sobre la preinscripci\u00f3 al web del Departament d&#8217;Ensenyament.<\/p>\n<ul>\n<li><a href=\"http:\/\/queestudiar.gencat.cat\/ca\/preinscripcio\/estudis\/batxillerat\/\">Informaci\u00f3 general per a la\u00a0inscripci\u00f3 publicada al web del Departament d&#8217;Ensenyament<\/a><\/li>\n<\/ul>\n<p>Aix\u00ed mateix, us adjuntem tota la documentaci\u00f3 necess\u00e0ria:<\/p>\n<ul>\n<li><a href=\"http:\/\/blog.iesacumella.cat\/wp-content\/uploads\/2017\/05\/Documentaci\u00f3-preinscripci\u00f3BTX.pdf\">Documentaci\u00f3 a presentar per fer la preinscripci\u00f3<\/a><\/li>\n<li><a href=\"http:\/\/blog.iesacumella.cat\/wp-content\/uploads\/2017\/05\/Criteris-de-prioritat-i-Calendari.pdf\">Criteris de prioritat i Calendari<\/a><\/li>\n<li><a href=\"http:\/\/blog.iesacumella.cat\/wp-content\/uploads\/2017\/05\/Assignatures-1r-Batxillerat.pdf\">Assignatures 1r Batxillerat<\/a><\/li>\n<li><a href=\"http:\/\/blog.iesacumella.cat\/wp-content\/uploads\/2017\/05\/Assignatures-2n-Batxillerat.pdf\">Assignatures 2n Batxillerat<\/a><\/li>\n<\/ul>\n<p><strong>BATXILLERAT NOCTURN<\/strong><\/p>\n<p>Finalment, els recordem que el centre ofereix la possibilitat de cursar el batxillerat en r\u00e8gim nocturn. En aquest cas, s&#8217;hi podran matricular les persones que tenen 18 anys o m\u00e9s i les que tenen entre 16 i 18 anys i no poden seguir estudis en r\u00e8gim di\u00fcrn per motius laborals. Per acreditar-ho, cal presentar el document d&#8217;afiliaci\u00f3 a la Seguretat Social o, si l&#8217;alumne no t\u00e9 obligaci\u00f3 d&#8217;estar afiliat, la certificaci\u00f3 del familiar titular de l&#8217;empresa i la declaraci\u00f3 dels tutors legals. El consell escolar del centre pot valorar altres motius d&#8217;admissibilitat.<\/p>\n<p>Els adjuntem la oferta del centre en r\u00e8gim de batxillerat nocturn:<\/p>\n<ul>\n<li><a href=\"http:\/\/blog.iesacumella.cat\/wp-content\/uploads\/2017\/05\/Assignatures-1r-i-2n-Batxillerat-NOCTURN.pdf\">Assignatures 1r i 2n Batxillerat NOCTURN<\/a><\/li>\n<\/ul>\n","protected":false},"excerpt":{"rendered":"<p>Els informem que el termini per presentar la\u00a0sol\u00b7licitud de la preinscripci\u00f3 a Batxillerat per al curs 2017\/2018 \u00e9s:<br \/>\n14 a 24 de maig de 2018<br \/>\nAl seg\u00fcent enlla\u00e7 teniu la informaci\u00f3 actualitzada sobre la preinscripci\u00f3 al web del Departament d&#8217;Ensenyament.<\/p>\n<ul>\n<li><a href=\"http:\/\/queestudiar.gencat.cat\/ca\/preinscripcio\/estudis\/batxillerat\/\">Informaci\u00f3 general per a la\u00a0inscripci\u00f3 publicada al&hellip;  <a href=\"https:\/\/agora.xtec.cat\/iesacumella\/portada\/general\/preinscripcio-batxillerat-2018-2019\/\" title=\"Read Preinscripci\u00f3 Batxillerat 2018-2019\">Llegeix m\u00e9s\u00bb<\/a><br \/>\n","protected":false},"author":1,"featured_media":0,"comment_status":"open","ping_status":"closed","sticky":false,"template":"","format":"standard","meta":{"_bbp_topic_count":0,"_bbp_reply_count":0,"_bbp_total_topic_count":0,"_bbp_total_reply_count":0,"_bbp_voice_count":0,"_bbp_anonymous_reply_count":0,"_bbp_topic_count_hidden":0,"_bbp_reply_count_hidden":0,"_bbp_forum_subforum_count":0,"footnotes":""},"categories":[8,1,29],"tags":[],"class_list":["post-5390","post","type-post","status-publish","format-standard","hentry","category-batxillerat","category-general","category-portada"],"post_mailing_queue_ids":[],"_links":{"self":[{"href":"https:\/\/agora.xtec.cat\/iesacumella\/wp-json\/wp\/v2\/posts\/5390","targetHints":{"allow":["GET"]}}],"collection":[{"href":"https:\/\/agora.xtec.cat\/iesacumella\/wp-json\/wp\/v2\/posts"}],"about":[{"href":"https:\/\/agora.xtec.cat\/iesacumella\/wp-json\/wp\/v2\/types\/post"}],"author":[{"embeddable":true,"href":"https:\/\/agora.xtec.cat\/iesacumella\/wp-json\/wp\/v2\/users\/1"}],"replies":[{"embeddable":true,"href":"https:\/\/agora.xtec.cat\/iesacumella\/wp-json\/wp\/v2\/comments?post=5390"}],"version-history":[{"count":2,"href":"https:\/\/agora.xtec.cat\/iesacumella\/wp-json\/wp\/v2\/posts\/5390\/revisions"}],"predecessor-version":[{"id":5392,"href":"https:\/\/agora.xtec.cat\/iesacumella\/wp-json\/wp\/v2\/posts\/5390\/revisions\/5392"}],"wp:attachment":[{"href":"https:\/\/agora.xtec.cat\/iesacumella\/wp-json\/wp\/v2\/media?parent=5390"}],"wp:term":[{"taxonomy":"category","embeddable":true,"href":"https:\/\/agora.xtec.cat\/iesacumella\/wp-json\/wp\/v2\/categories?post=5390"},{"taxonomy":"post_tag","embeddable":true,"href":"https:\/\/agora.xtec.cat\/iesacumella\/wp-json\/wp\/v2\/tags?post=5390"}],"curies":[{"name":"wp","href":"https:\/\/api.w.org\/{rel}","templated":true}]}}