{"id":5381,"date":"2018-04-25T12:01:32","date_gmt":"2018-04-25T11:01:32","guid":{"rendered":"http:\/\/blog.iesacumella.cat\/?p=5381"},"modified":"2018-07-16T15:15:51","modified_gmt":"2018-07-16T13:15:51","slug":"finalistes-1r-certamen-comunicacio-audiovisual-villa-viatges","status":"publish","type":"post","link":"https:\/\/agora.xtec.cat\/iesacumella\/portada\/finalistes-1r-certamen-comunicacio-audiovisual-villa-viatges\/","title":{"rendered":"Finalistes al 1r Certamen de comunicaci\u00f3 Audiovisual Vill\u00e0 Viatges"},"content":{"rendered":"<p>L&#8217;equip de cinematografia de 4rt d&#8217;ESO, ha realitzat i produ\u00eft un anunci i l&#8217;ha presentat al Primer Certamen de Comunicaci\u00f3 Audiovisual organitzat per Vill\u00e0 Viatges. De 24 participants, hem quedat dins del 5 finalistes i ha estat tot un repte pels alumnes poder-hi participar. On neixen les grans hist\u00f2ries i cultures del ha estat el lema compartit en el nostre anunci: Vill\u00e0 viatges proposa viatjar arreu del m\u00f3n i t&#8217;ho facilita, a l&#8217;Institut Antoni Cumella hem conegut m\u00e9s a fons en aquesta producci\u00f3, les 19 nacionalitats que tenim al centre.<\/p>\n<p>Adjuntem el link del programa que va emetre VTOV del dia de la gala:<\/p>\n<p>http:\/\/votv.xiptv.cat\/especials\/capitol\/i-certamen-de-comunicacio-audiovisual-villa-viatges#.Wrk1nKcQ9CU.email<\/p>\n<p>L&#8217;anunci guanyador, es pot veure fins el proper 22abril a 13 sales dels cinemes \u00d2scar de Granollers i a a 7 sales dels cinemes de Sant Celoni. De cara a la propera edici\u00f3 del certamen, volem ampliar el els cinemes a on es projectar\u00e0.<\/p>\n<p>Esperem repetir l&#8217;experi\u00e8ncia el curs vinent en el proper certamen.<\/p>\n<p><a href=\"http:\/\/agora.xtec.cat\/iesacumella\/wp-content\/uploads\/usu1642\/2018\/04\/DSC04285-\u00c0ngel-Gallart.jpg\"><img loading=\"lazy\" decoding=\"async\" class=\"aligncenter size-medium wp-image-5379\" src=\"http:\/\/agora.xtec.cat\/iesacumella\/wp-content\/uploads\/usu1642\/2018\/04\/DSC04285-\u00c0ngel-Gallart-300x200.jpg\" alt=\"DSC04285 - \u00c0ngel Gallart\" width=\"300\" height=\"200\" \/><\/a> <a href=\"http:\/\/agora.xtec.cat\/iesacumella\/wp-content\/uploads\/usu1642\/2018\/04\/20180316_192522-\u00c0ngel-Gallart.jpg\"><img loading=\"lazy\" decoding=\"async\" class=\"aligncenter size-medium wp-image-5378\" src=\"http:\/\/agora.xtec.cat\/iesacumella\/wp-content\/uploads\/usu1642\/2018\/04\/20180316_192522-\u00c0ngel-Gallart-300x169.jpg\" alt=\"20180316_192522 - \u00c0ngel Gallart\" width=\"300\" height=\"169\" \/><\/a> <a href=\"http:\/\/agora.xtec.cat\/iesacumella\/wp-content\/uploads\/usu1642\/2018\/04\/DSC04280-\u00c0ngel-Gallart.jpg\"><img loading=\"lazy\" decoding=\"async\" class=\"aligncenter size-medium wp-image-5380\" src=\"http:\/\/agora.xtec.cat\/iesacumella\/wp-content\/uploads\/usu1642\/2018\/04\/DSC04280-\u00c0ngel-Gallart-300x200.jpg\" alt=\"DSC04280 - \u00c0ngel Gallart\" width=\"300\" height=\"200\" srcset=\"https:\/\/agora.xtec.cat\/iesacumella\/wp-content\/uploads\/usu1642\/2018\/04\/DSC04280-\u00c0ngel-Gallart-300x200.jpg 300w, https:\/\/agora.xtec.cat\/iesacumella\/wp-content\/uploads\/usu1642\/2018\/04\/DSC04280-\u00c0ngel-Gallart-768x512.jpg 768w, https:\/\/agora.xtec.cat\/iesacumella\/wp-content\/uploads\/usu1642\/2018\/04\/DSC04280-\u00c0ngel-Gallart-1024x683.jpg 1024w\" sizes=\"auto, (max-width: 300px) 100vw, 300px\" \/><\/a><\/p>\n","protected":false},"excerpt":{"rendered":"<p>L&#8217;equip de cinematografia de 4rt d&#8217;ESO, ha realitzat i produ\u00eft un anunci i l&#8217;ha presentat al Primer Certamen de Comunicaci\u00f3 Audiovisual organitzat per Vill\u00e0 Viatges. De 24 participants, hem quedat dins del 5 finalistes i ha estat tot un repte pels alumnes poder-hi participar. On&hellip;  <a href=\"https:\/\/agora.xtec.cat\/iesacumella\/portada\/finalistes-1r-certamen-comunicacio-audiovisual-villa-viatges\/\" title=\"Read Finalistes al 1r Certamen de comunicaci\u00f3 Audiovisual Vill\u00e0 Viatges\">Llegeix m\u00e9s\u00bb<\/a><\/p>\n","protected":false},"author":1,"featured_media":5380,"comment_status":"closed","ping_status":"closed","sticky":false,"template":"","format":"standard","meta":{"_bbp_topic_count":0,"_bbp_reply_count":0,"_bbp_total_topic_count":0,"_bbp_total_reply_count":0,"_bbp_voice_count":0,"_bbp_anonymous_reply_count":0,"_bbp_topic_count_hidden":0,"_bbp_reply_count_hidden":0,"_bbp_forum_subforum_count":0,"footnotes":""},"categories":[29],"tags":[],"class_list":["post-5381","post","type-post","status-publish","format-standard","has-post-thumbnail","hentry","category-portada"],"post_mailing_queue_ids":[],"_links":{"self":[{"href":"https:\/\/agora.xtec.cat\/iesacumella\/wp-json\/wp\/v2\/posts\/5381","targetHints":{"allow":["GET"]}}],"collection":[{"href":"https:\/\/agora.xtec.cat\/iesacumella\/wp-json\/wp\/v2\/posts"}],"about":[{"href":"https:\/\/agora.xtec.cat\/iesacumella\/wp-json\/wp\/v2\/types\/post"}],"author":[{"embeddable":true,"href":"https:\/\/agora.xtec.cat\/iesacumella\/wp-json\/wp\/v2\/users\/1"}],"replies":[{"embeddable":true,"href":"https:\/\/agora.xtec.cat\/iesacumella\/wp-json\/wp\/v2\/comments?post=5381"}],"version-history":[{"count":1,"href":"https:\/\/agora.xtec.cat\/iesacumella\/wp-json\/wp\/v2\/posts\/5381\/revisions"}],"predecessor-version":[{"id":5820,"href":"https:\/\/agora.xtec.cat\/iesacumella\/wp-json\/wp\/v2\/posts\/5381\/revisions\/5820"}],"wp:featuredmedia":[{"embeddable":true,"href":"https:\/\/agora.xtec.cat\/iesacumella\/wp-json\/wp\/v2\/media\/5380"}],"wp:attachment":[{"href":"https:\/\/agora.xtec.cat\/iesacumella\/wp-json\/wp\/v2\/media?parent=5381"}],"wp:term":[{"taxonomy":"category","embeddable":true,"href":"https:\/\/agora.xtec.cat\/iesacumella\/wp-json\/wp\/v2\/categories?post=5381"},{"taxonomy":"post_tag","embeddable":true,"href":"https:\/\/agora.xtec.cat\/iesacumella\/wp-json\/wp\/v2\/tags?post=5381"}],"curies":[{"name":"wp","href":"https:\/\/api.w.org\/{rel}","templated":true}]}}