{"id":5361,"date":"2018-04-25T11:11:24","date_gmt":"2018-04-25T10:11:24","guid":{"rendered":"http:\/\/blog.iesacumella.cat\/?p=5361"},"modified":"2018-07-16T15:15:51","modified_gmt":"2018-07-16T13:15:51","slug":"cumella-vivim-sant-jordi","status":"publish","type":"post","link":"https:\/\/agora.xtec.cat\/iesacumella\/portada\/cumella-vivim-sant-jordi\/","title":{"rendered":"AL CUMELLA VIVIM EL SANT JORDI!"},"content":{"rendered":"<p>La Diada de Sant Jordi a l\u2019Institut Cumella ha estat de color lila. Sota un fil conductor que anava trenat amb frases contundents de diferents pesos pesants de la literatura universal, el <i>leit Motiv<\/i> ha estat el capgirament de rols de g\u00e8nere. La llegenda de Sant Jordi a l\u2019inrev\u00e9s, el centenari de Maria Aur\u00e8lia Capmany i un relat breu que mostrava el seu tarann\u00e0 activista han guarnit la festa d\u2019all\u00f2 m\u00e9s i li han afegit contingut per a pensar m\u00e9s enll\u00e0. Han brillat les representacions que l\u2019alumnat ha fet en diverses lleng\u00fces i s\u2019han repartit premis per a les millors composicions liter\u00e0ries en catal\u00e0, castell\u00e0, angl\u00e8s i franc\u00e8s. Hi ha bon planter!! A m\u00e9s a m\u00e9s, hem tingut un espai per a premiar alumnat participant dels projectes Erasmus+ i de curts cinem\u00e0togr\u00e0fics.<\/p>\n<p><a href=\"http:\/\/agora.xtec.cat\/iesacumella\/wp-content\/uploads\/usu1642\/2018\/04\/Foto-de-Iolanda13-C\u00f2pia.jpg\"><img loading=\"lazy\" decoding=\"async\" class=\"alignnone size-medium wp-image-5363\" src=\"http:\/\/agora.xtec.cat\/iesacumella\/wp-content\/uploads\/usu1642\/2018\/04\/Foto-de-Iolanda13-C\u00f2pia-300x225.jpg\" alt=\"Foto de Iolanda(13) - C\u00f2pia\" width=\"300\" height=\"225\" srcset=\"https:\/\/agora.xtec.cat\/iesacumella\/wp-content\/uploads\/usu1642\/2018\/04\/Foto-de-Iolanda13-C\u00f2pia-300x225.jpg 300w, https:\/\/agora.xtec.cat\/iesacumella\/wp-content\/uploads\/usu1642\/2018\/04\/Foto-de-Iolanda13-C\u00f2pia-768x576.jpg 768w, https:\/\/agora.xtec.cat\/iesacumella\/wp-content\/uploads\/usu1642\/2018\/04\/Foto-de-Iolanda13-C\u00f2pia-1024x768.jpg 1024w, https:\/\/agora.xtec.cat\/iesacumella\/wp-content\/uploads\/usu1642\/2018\/04\/Foto-de-Iolanda13-C\u00f2pia-200x150.jpg 200w, https:\/\/agora.xtec.cat\/iesacumella\/wp-content\/uploads\/usu1642\/2018\/04\/Foto-de-Iolanda13-C\u00f2pia.jpg 1599w\" sizes=\"auto, (max-width: 300px) 100vw, 300px\" \/><\/a> <a href=\"http:\/\/agora.xtec.cat\/iesacumella\/wp-content\/uploads\/usu1642\/2018\/04\/Foto-de-Iolanda12-C\u00f2pia.jpg\"><img loading=\"lazy\" decoding=\"async\" class=\"alignnone size-medium wp-image-5364\" src=\"http:\/\/agora.xtec.cat\/iesacumella\/wp-content\/uploads\/usu1642\/2018\/04\/Foto-de-Iolanda12-C\u00f2pia-300x225.jpg\" alt=\"Foto de Iolanda(12) - C\u00f2pia\" width=\"300\" height=\"225\" \/><\/a>\u00a0 <a href=\"http:\/\/agora.xtec.cat\/iesacumella\/wp-content\/uploads\/usu1642\/2018\/04\/Foto-de-Iolanda10-C\u00f2pia.jpg\"><img loading=\"lazy\" decoding=\"async\" class=\"alignnone size-medium wp-image-5366\" src=\"http:\/\/agora.xtec.cat\/iesacumella\/wp-content\/uploads\/usu1642\/2018\/04\/Foto-de-Iolanda10-C\u00f2pia-300x225.jpg\" alt=\"Foto de Iolanda(10) - C\u00f2pia\" width=\"300\" height=\"225\" srcset=\"https:\/\/agora.xtec.cat\/iesacumella\/wp-content\/uploads\/usu1642\/2018\/04\/Foto-de-Iolanda10-C\u00f2pia-300x225.jpg 300w, https:\/\/agora.xtec.cat\/iesacumella\/wp-content\/uploads\/usu1642\/2018\/04\/Foto-de-Iolanda10-C\u00f2pia-768x576.jpg 768w, https:\/\/agora.xtec.cat\/iesacumella\/wp-content\/uploads\/usu1642\/2018\/04\/Foto-de-Iolanda10-C\u00f2pia-1024x768.jpg 1024w, https:\/\/agora.xtec.cat\/iesacumella\/wp-content\/uploads\/usu1642\/2018\/04\/Foto-de-Iolanda10-C\u00f2pia-200x150.jpg 200w, https:\/\/agora.xtec.cat\/iesacumella\/wp-content\/uploads\/usu1642\/2018\/04\/Foto-de-Iolanda10-C\u00f2pia.jpg 1599w\" sizes=\"auto, (max-width: 300px) 100vw, 300px\" \/><\/a> <a href=\"http:\/\/agora.xtec.cat\/iesacumella\/wp-content\/uploads\/usu1642\/2018\/04\/Foto-de-Iolanda9-C\u00f2pia.jpg\"><img loading=\"lazy\" decoding=\"async\" class=\"alignnone size-medium wp-image-5367\" src=\"http:\/\/agora.xtec.cat\/iesacumella\/wp-content\/uploads\/usu1642\/2018\/04\/Foto-de-Iolanda9-C\u00f2pia-300x225.jpg\" alt=\"Foto de Iolanda(9) - C\u00f2pia\" width=\"300\" height=\"225\" srcset=\"https:\/\/agora.xtec.cat\/iesacumella\/wp-content\/uploads\/usu1642\/2018\/04\/Foto-de-Iolanda9-C\u00f2pia-300x225.jpg 300w, https:\/\/agora.xtec.cat\/iesacumella\/wp-content\/uploads\/usu1642\/2018\/04\/Foto-de-Iolanda9-C\u00f2pia-768x576.jpg 768w, https:\/\/agora.xtec.cat\/iesacumella\/wp-content\/uploads\/usu1642\/2018\/04\/Foto-de-Iolanda9-C\u00f2pia-1024x768.jpg 1024w, https:\/\/agora.xtec.cat\/iesacumella\/wp-content\/uploads\/usu1642\/2018\/04\/Foto-de-Iolanda9-C\u00f2pia-200x150.jpg 200w, https:\/\/agora.xtec.cat\/iesacumella\/wp-content\/uploads\/usu1642\/2018\/04\/Foto-de-Iolanda9-C\u00f2pia.jpg 1599w\" sizes=\"auto, (max-width: 300px) 100vw, 300px\" \/><\/a> <a href=\"http:\/\/agora.xtec.cat\/iesacumella\/wp-content\/uploads\/usu1642\/2018\/04\/Foto-de-Iolanda8-C\u00f2pia.jpg\"><img loading=\"lazy\" decoding=\"async\" class=\"alignnone size-medium wp-image-5368\" src=\"http:\/\/agora.xtec.cat\/iesacumella\/wp-content\/uploads\/usu1642\/2018\/04\/Foto-de-Iolanda8-C\u00f2pia-300x225.jpg\" alt=\"Foto de Iolanda(8) - C\u00f2pia\" width=\"300\" height=\"225\" srcset=\"https:\/\/agora.xtec.cat\/iesacumella\/wp-content\/uploads\/usu1642\/2018\/04\/Foto-de-Iolanda8-C\u00f2pia-300x225.jpg 300w, https:\/\/agora.xtec.cat\/iesacumella\/wp-content\/uploads\/usu1642\/2018\/04\/Foto-de-Iolanda8-C\u00f2pia-768x576.jpg 768w, https:\/\/agora.xtec.cat\/iesacumella\/wp-content\/uploads\/usu1642\/2018\/04\/Foto-de-Iolanda8-C\u00f2pia-1024x768.jpg 1024w, https:\/\/agora.xtec.cat\/iesacumella\/wp-content\/uploads\/usu1642\/2018\/04\/Foto-de-Iolanda8-C\u00f2pia-200x150.jpg 200w, https:\/\/agora.xtec.cat\/iesacumella\/wp-content\/uploads\/usu1642\/2018\/04\/Foto-de-Iolanda8-C\u00f2pia.jpg 1599w\" sizes=\"auto, (max-width: 300px) 100vw, 300px\" \/><\/a>\u00a0 <a href=\"http:\/\/agora.xtec.cat\/iesacumella\/wp-content\/uploads\/usu1642\/2018\/04\/Foto-de-Iolanda6-C\u00f2pia.jpg\"><img loading=\"lazy\" decoding=\"async\" class=\"alignnone size-medium wp-image-5370\" src=\"http:\/\/agora.xtec.cat\/iesacumella\/wp-content\/uploads\/usu1642\/2018\/04\/Foto-de-Iolanda6-C\u00f2pia-300x225.jpg\" alt=\"Foto de Iolanda(6) - C\u00f2pia\" width=\"300\" height=\"225\" srcset=\"https:\/\/agora.xtec.cat\/iesacumella\/wp-content\/uploads\/usu1642\/2018\/04\/Foto-de-Iolanda6-C\u00f2pia-300x225.jpg 300w, https:\/\/agora.xtec.cat\/iesacumella\/wp-content\/uploads\/usu1642\/2018\/04\/Foto-de-Iolanda6-C\u00f2pia-768x576.jpg 768w, https:\/\/agora.xtec.cat\/iesacumella\/wp-content\/uploads\/usu1642\/2018\/04\/Foto-de-Iolanda6-C\u00f2pia-1024x768.jpg 1024w, https:\/\/agora.xtec.cat\/iesacumella\/wp-content\/uploads\/usu1642\/2018\/04\/Foto-de-Iolanda6-C\u00f2pia-200x150.jpg 200w, https:\/\/agora.xtec.cat\/iesacumella\/wp-content\/uploads\/usu1642\/2018\/04\/Foto-de-Iolanda6-C\u00f2pia.jpg 1599w\" sizes=\"auto, (max-width: 300px) 100vw, 300px\" \/><\/a>\u00a0\u00a0 <a href=\"http:\/\/agora.xtec.cat\/iesacumella\/wp-content\/uploads\/usu1642\/2018\/04\/Foto-de-Iolanda3-C\u00f2pia.jpg\"><img loading=\"lazy\" decoding=\"async\" class=\"alignnone size-medium wp-image-5373\" src=\"http:\/\/agora.xtec.cat\/iesacumella\/wp-content\/uploads\/usu1642\/2018\/04\/Foto-de-Iolanda3-C\u00f2pia-300x225.jpg\" alt=\"Foto de Iolanda(3) - C\u00f2pia\" width=\"300\" height=\"225\" srcset=\"https:\/\/agora.xtec.cat\/iesacumella\/wp-content\/uploads\/usu1642\/2018\/04\/Foto-de-Iolanda3-C\u00f2pia-300x225.jpg 300w, https:\/\/agora.xtec.cat\/iesacumella\/wp-content\/uploads\/usu1642\/2018\/04\/Foto-de-Iolanda3-C\u00f2pia-768x576.jpg 768w, https:\/\/agora.xtec.cat\/iesacumella\/wp-content\/uploads\/usu1642\/2018\/04\/Foto-de-Iolanda3-C\u00f2pia-1024x768.jpg 1024w, https:\/\/agora.xtec.cat\/iesacumella\/wp-content\/uploads\/usu1642\/2018\/04\/Foto-de-Iolanda3-C\u00f2pia-200x150.jpg 200w, https:\/\/agora.xtec.cat\/iesacumella\/wp-content\/uploads\/usu1642\/2018\/04\/Foto-de-Iolanda3-C\u00f2pia.jpg 1599w\" sizes=\"auto, (max-width: 300px) 100vw, 300px\" \/><\/a><\/p>\n","protected":false},"excerpt":{"rendered":"<p>La Diada de Sant Jordi a l\u2019Institut Cumella ha estat de color lila. Sota un fil conductor que anava trenat amb frases contundents de diferents pesos pesants de la literatura universal, el leit Motiv ha estat el capgirament de rols de g\u00e8nere. La llegenda de&hellip;  <a href=\"https:\/\/agora.xtec.cat\/iesacumella\/portada\/cumella-vivim-sant-jordi\/\" title=\"Read AL CUMELLA VIVIM EL SANT JORDI!\">Llegeix m\u00e9s\u00bb<\/a><\/p>\n","protected":false},"author":1,"featured_media":5371,"comment_status":"closed","ping_status":"closed","sticky":false,"template":"","format":"standard","meta":{"_bbp_topic_count":0,"_bbp_reply_count":0,"_bbp_total_topic_count":0,"_bbp_total_reply_count":0,"_bbp_voice_count":0,"_bbp_anonymous_reply_count":0,"_bbp_topic_count_hidden":0,"_bbp_reply_count_hidden":0,"_bbp_forum_subforum_count":0,"footnotes":""},"categories":[29],"tags":[],"class_list":["post-5361","post","type-post","status-publish","format-standard","has-post-thumbnail","hentry","category-portada"],"post_mailing_queue_ids":[],"_links":{"self":[{"href":"https:\/\/agora.xtec.cat\/iesacumella\/wp-json\/wp\/v2\/posts\/5361","targetHints":{"allow":["GET"]}}],"collection":[{"href":"https:\/\/agora.xtec.cat\/iesacumella\/wp-json\/wp\/v2\/posts"}],"about":[{"href":"https:\/\/agora.xtec.cat\/iesacumella\/wp-json\/wp\/v2\/types\/post"}],"author":[{"embeddable":true,"href":"https:\/\/agora.xtec.cat\/iesacumella\/wp-json\/wp\/v2\/users\/1"}],"replies":[{"embeddable":true,"href":"https:\/\/agora.xtec.cat\/iesacumella\/wp-json\/wp\/v2\/comments?post=5361"}],"version-history":[{"count":1,"href":"https:\/\/agora.xtec.cat\/iesacumella\/wp-json\/wp\/v2\/posts\/5361\/revisions"}],"predecessor-version":[{"id":5821,"href":"https:\/\/agora.xtec.cat\/iesacumella\/wp-json\/wp\/v2\/posts\/5361\/revisions\/5821"}],"wp:featuredmedia":[{"embeddable":true,"href":"https:\/\/agora.xtec.cat\/iesacumella\/wp-json\/wp\/v2\/media\/5371"}],"wp:attachment":[{"href":"https:\/\/agora.xtec.cat\/iesacumella\/wp-json\/wp\/v2\/media?parent=5361"}],"wp:term":[{"taxonomy":"category","embeddable":true,"href":"https:\/\/agora.xtec.cat\/iesacumella\/wp-json\/wp\/v2\/categories?post=5361"},{"taxonomy":"post_tag","embeddable":true,"href":"https:\/\/agora.xtec.cat\/iesacumella\/wp-json\/wp\/v2\/tags?post=5361"}],"curies":[{"name":"wp","href":"https:\/\/api.w.org\/{rel}","templated":true}]}}