{"id":5341,"date":"2018-04-23T11:25:38","date_gmt":"2018-04-23T10:25:38","guid":{"rendered":"http:\/\/blog.iesacumella.cat\/?p=5341"},"modified":"2018-07-16T15:15:51","modified_gmt":"2018-07-16T13:15:51","slug":"visita-als-bombers","status":"publish","type":"post","link":"https:\/\/agora.xtec.cat\/iesacumella\/portada\/visita-als-bombers\/","title":{"rendered":"Visita als bombers"},"content":{"rendered":"<p>El passat 15 de febrer els alumnes de tercer d&#8217;ESO vam realitzar la visita al parc de bombers de Granollers.<\/p>\n<p>Ens van separar en dos grups per tal de tenir una explicaci\u00f3 m\u00e9s te\u00f2rica i una de m\u00e9s pr\u00e0ctica. A la part te\u00f2rica ens van explicar tot el funcionament del parc, els diferents tipus de camions i per a qu\u00e8 serveix cadascun, i com de dif\u00edcil \u00e9s poder arribar a ser bomber de la Generalitat ja que hi ha la part te\u00f2rica (no ens pod\u00edem imaginar pas quant hem d&#8217;estudiar per poder passar les oposicions!!!!!) i la part de les proves f\u00edsiques amb la qual la majoria es fixa. A la part pr\u00e0ctica ens van ensenyar algunes eines hidr\u00e0uliques i com utilitzar-les per elevar cotxes, parets esfondrades,&#8230;.va ser impressionant veure quina for\u00e7a tenen i com de r\u00e0pid ho aconsegueixen i quina sang freda han de tenir els bombers per poder fer la seva feina sense perdre els nervis. Ens van explicar que hi ha un bomber que sempre va directament a les v\u00edctimes per calmar-les i fer els primers auxilis i la resta es posen a treballar per ser el m\u00e9s r\u00e0pids possibles.<\/p>\n<p>Quina gran experi\u00e8ncia, quina gran amabilitat i quines ganes d&#8217;ensenyar la seva professi\u00f3!!!!!<\/p>\n<p>Moltes gr\u00e0cies bombers!!!!<\/p>\n<p><a href=\"http:\/\/agora.xtec.cat\/iesacumella\/wp-content\/uploads\/usu1642\/2018\/04\/20180215_120024-1.jpg\"><img loading=\"lazy\" decoding=\"async\" class=\"aligncenter size-medium wp-image-5338\" src=\"http:\/\/agora.xtec.cat\/iesacumella\/wp-content\/uploads\/usu1642\/2018\/04\/20180215_120024-1-300x225.jpg\" alt=\"20180215_120024\" width=\"300\" height=\"225\" srcset=\"https:\/\/agora.xtec.cat\/iesacumella\/wp-content\/uploads\/usu1642\/2018\/04\/20180215_120024-1-300x225.jpg 300w, https:\/\/agora.xtec.cat\/iesacumella\/wp-content\/uploads\/usu1642\/2018\/04\/20180215_120024-1-768x576.jpg 768w, https:\/\/agora.xtec.cat\/iesacumella\/wp-content\/uploads\/usu1642\/2018\/04\/20180215_120024-1-1024x768.jpg 1024w, https:\/\/agora.xtec.cat\/iesacumella\/wp-content\/uploads\/usu1642\/2018\/04\/20180215_120024-1-200x150.jpg 200w\" sizes=\"auto, (max-width: 300px) 100vw, 300px\" \/><\/a> <a href=\"http:\/\/agora.xtec.cat\/iesacumella\/wp-content\/uploads\/usu1642\/2018\/04\/20180215_120054-1.jpg\"><img loading=\"lazy\" decoding=\"async\" class=\"aligncenter size-medium wp-image-5337\" src=\"http:\/\/agora.xtec.cat\/iesacumella\/wp-content\/uploads\/usu1642\/2018\/04\/20180215_120054-1-300x225.jpg\" alt=\"20180215_120054\" width=\"300\" height=\"225\" \/><\/a> <a href=\"http:\/\/agora.xtec.cat\/iesacumella\/wp-content\/uploads\/usu1642\/2018\/04\/20180215_123818.jpg\"><img loading=\"lazy\" decoding=\"async\" class=\"aligncenter size-medium wp-image-5340\" src=\"http:\/\/agora.xtec.cat\/iesacumella\/wp-content\/uploads\/usu1642\/2018\/04\/20180215_123818-300x225.jpg\" alt=\"20180215_123818\" width=\"300\" height=\"225\" srcset=\"https:\/\/agora.xtec.cat\/iesacumella\/wp-content\/uploads\/usu1642\/2018\/04\/20180215_123818-300x225.jpg 300w, https:\/\/agora.xtec.cat\/iesacumella\/wp-content\/uploads\/usu1642\/2018\/04\/20180215_123818-768x576.jpg 768w, https:\/\/agora.xtec.cat\/iesacumella\/wp-content\/uploads\/usu1642\/2018\/04\/20180215_123818-1024x768.jpg 1024w, https:\/\/agora.xtec.cat\/iesacumella\/wp-content\/uploads\/usu1642\/2018\/04\/20180215_123818-200x150.jpg 200w\" sizes=\"auto, (max-width: 300px) 100vw, 300px\" \/><\/a><\/p>\n","protected":false},"excerpt":{"rendered":"<p>El passat 15 de febrer els alumnes de tercer d&#8217;ESO vam realitzar la visita al parc de bombers de Granollers.<br \/>\nEns van separar en dos grups per tal de tenir una explicaci\u00f3 m\u00e9s te\u00f2rica i una de m\u00e9s pr\u00e0ctica. A la part te\u00f2rica ens van explicar&hellip;  <a href=\"https:\/\/agora.xtec.cat\/iesacumella\/portada\/visita-als-bombers\/\" title=\"Read Visita als bombers\">Llegeix m\u00e9s\u00bb<\/a><\/p>\n","protected":false},"author":1,"featured_media":5340,"comment_status":"closed","ping_status":"closed","sticky":false,"template":"","format":"standard","meta":{"_bbp_topic_count":0,"_bbp_reply_count":0,"_bbp_total_topic_count":0,"_bbp_total_reply_count":0,"_bbp_voice_count":0,"_bbp_anonymous_reply_count":0,"_bbp_topic_count_hidden":0,"_bbp_reply_count_hidden":0,"_bbp_forum_subforum_count":0,"footnotes":""},"categories":[29],"tags":[],"class_list":["post-5341","post","type-post","status-publish","format-standard","has-post-thumbnail","hentry","category-portada"],"post_mailing_queue_ids":[],"_links":{"self":[{"href":"https:\/\/agora.xtec.cat\/iesacumella\/wp-json\/wp\/v2\/posts\/5341","targetHints":{"allow":["GET"]}}],"collection":[{"href":"https:\/\/agora.xtec.cat\/iesacumella\/wp-json\/wp\/v2\/posts"}],"about":[{"href":"https:\/\/agora.xtec.cat\/iesacumella\/wp-json\/wp\/v2\/types\/post"}],"author":[{"embeddable":true,"href":"https:\/\/agora.xtec.cat\/iesacumella\/wp-json\/wp\/v2\/users\/1"}],"replies":[{"embeddable":true,"href":"https:\/\/agora.xtec.cat\/iesacumella\/wp-json\/wp\/v2\/comments?post=5341"}],"version-history":[{"count":1,"href":"https:\/\/agora.xtec.cat\/iesacumella\/wp-json\/wp\/v2\/posts\/5341\/revisions"}],"predecessor-version":[{"id":5825,"href":"https:\/\/agora.xtec.cat\/iesacumella\/wp-json\/wp\/v2\/posts\/5341\/revisions\/5825"}],"wp:featuredmedia":[{"embeddable":true,"href":"https:\/\/agora.xtec.cat\/iesacumella\/wp-json\/wp\/v2\/media\/5340"}],"wp:attachment":[{"href":"https:\/\/agora.xtec.cat\/iesacumella\/wp-json\/wp\/v2\/media?parent=5341"}],"wp:term":[{"taxonomy":"category","embeddable":true,"href":"https:\/\/agora.xtec.cat\/iesacumella\/wp-json\/wp\/v2\/categories?post=5341"},{"taxonomy":"post_tag","embeddable":true,"href":"https:\/\/agora.xtec.cat\/iesacumella\/wp-json\/wp\/v2\/tags?post=5341"}],"curies":[{"name":"wp","href":"https:\/\/api.w.org\/{rel}","templated":true}]}}