{"id":5287,"date":"2018-04-14T16:13:23","date_gmt":"2018-04-14T15:13:23","guid":{"rendered":"http:\/\/blog.iesacumella.cat\/?p=5287"},"modified":"2018-07-16T15:15:51","modified_gmt":"2018-07-16T13:15:51","slug":"museu-tela-cel%c2%b7lula","status":"publish","type":"post","link":"https:\/\/agora.xtec.cat\/iesacumella\/portada\/museu-tela-cel%c2%b7lula\/","title":{"rendered":"Museu de la tela: la c\u00e8l\u00b7lula"},"content":{"rendered":"<p>Els alumnes de 1r ESO \u00a0han assistit els passats mesos a un taller en el museu de la Tela de Granollers anomenat : Vida microsc\u00f2pica (la c\u00e8l\u00b7lula).<\/p>\n<p>La activitat consistia en l\u2019observaci\u00f3 i identificaci\u00f3 d\u2019alguns microorganismes d\u2019aigua dol\u00e7a. A partir d\u2019una mostra d\u2019aigua de la bassa, al laboratori del Museu, els alumnes s\u2019han iniciat en l\u2019\u00fas de t\u00e8cniques de preparaci\u00f3 de mostres, de manipulaci\u00f3 del microscopi, d\u2019observaci\u00f3 i dibuix i classificaci\u00f3 dels protoctists.<\/p>\n<p>Els alumnes han gaudit for\u00e7a d\u2019aquest taller.<\/p>\n<p><a href=\"http:\/\/agora.xtec.cat\/iesacumella\/wp-content\/uploads\/usu1642\/2018\/04\/IMG_20180207_102554.jpg\"><img loading=\"lazy\" decoding=\"async\" class=\"alignnone size-medium wp-image-5289\" src=\"http:\/\/agora.xtec.cat\/iesacumella\/wp-content\/uploads\/usu1642\/2018\/04\/IMG_20180207_102554-225x300.jpg\" alt=\"IMG_20180207_102554\" width=\"225\" height=\"300\" \/><\/a><\/p>\n","protected":false},"excerpt":{"rendered":"<p>Els alumnes de 1r ESO \u00a0han assistit els passats mesos a un taller en el museu de la Tela de Granollers anomenat : Vida microsc\u00f2pica (la c\u00e8l\u00b7lula).<br \/>\nLa activitat consistia en l\u2019observaci\u00f3 i identificaci\u00f3 d\u2019alguns microorganismes d\u2019aigua dol\u00e7a. A partir d\u2019una mostra d\u2019aigua de la bassa,&hellip;  <a href=\"https:\/\/agora.xtec.cat\/iesacumella\/portada\/museu-tela-cel%c2%b7lula\/\" title=\"Read Museu de la tela: la c\u00e8l\u00b7lula\">Llegeix m\u00e9s\u00bb<\/a><\/p>\n","protected":false},"author":1,"featured_media":0,"comment_status":"closed","ping_status":"closed","sticky":false,"template":"","format":"standard","meta":{"_bbp_topic_count":0,"_bbp_reply_count":0,"_bbp_total_topic_count":0,"_bbp_total_reply_count":0,"_bbp_voice_count":0,"_bbp_anonymous_reply_count":0,"_bbp_topic_count_hidden":0,"_bbp_reply_count_hidden":0,"_bbp_forum_subforum_count":0,"footnotes":""},"categories":[29],"tags":[],"class_list":["post-5287","post","type-post","status-publish","format-standard","hentry","category-portada"],"post_mailing_queue_ids":[],"_links":{"self":[{"href":"https:\/\/agora.xtec.cat\/iesacumella\/wp-json\/wp\/v2\/posts\/5287","targetHints":{"allow":["GET"]}}],"collection":[{"href":"https:\/\/agora.xtec.cat\/iesacumella\/wp-json\/wp\/v2\/posts"}],"about":[{"href":"https:\/\/agora.xtec.cat\/iesacumella\/wp-json\/wp\/v2\/types\/post"}],"author":[{"embeddable":true,"href":"https:\/\/agora.xtec.cat\/iesacumella\/wp-json\/wp\/v2\/users\/1"}],"replies":[{"embeddable":true,"href":"https:\/\/agora.xtec.cat\/iesacumella\/wp-json\/wp\/v2\/comments?post=5287"}],"version-history":[{"count":1,"href":"https:\/\/agora.xtec.cat\/iesacumella\/wp-json\/wp\/v2\/posts\/5287\/revisions"}],"predecessor-version":[{"id":5828,"href":"https:\/\/agora.xtec.cat\/iesacumella\/wp-json\/wp\/v2\/posts\/5287\/revisions\/5828"}],"wp:attachment":[{"href":"https:\/\/agora.xtec.cat\/iesacumella\/wp-json\/wp\/v2\/media?parent=5287"}],"wp:term":[{"taxonomy":"category","embeddable":true,"href":"https:\/\/agora.xtec.cat\/iesacumella\/wp-json\/wp\/v2\/categories?post=5287"},{"taxonomy":"post_tag","embeddable":true,"href":"https:\/\/agora.xtec.cat\/iesacumella\/wp-json\/wp\/v2\/tags?post=5287"}],"curies":[{"name":"wp","href":"https:\/\/api.w.org\/{rel}","templated":true}]}}