{"id":5132,"date":"2018-04-11T16:10:01","date_gmt":"2018-04-11T15:10:01","guid":{"rendered":"http:\/\/blog.iesacumella.cat\/?p=5132"},"modified":"2018-07-16T15:16:16","modified_gmt":"2018-07-16T13:16:16","slug":"intercanvi-a-franca","status":"publish","type":"post","link":"https:\/\/agora.xtec.cat\/iesacumella\/portada\/intercanvi-a-franca\/","title":{"rendered":"Intercanvi a Fran\u00e7a"},"content":{"rendered":"<p>Els alumnes de franc\u00e8s ja han arribat a Fran\u00e7a per participar en l&#8217;intercanvi que tenien programat amb l&#8217;institut Cit\u00e9 Scolaire Jean Jaur\u00e8s de Saint-Affrique. Durant una setmana s&#8217;allotjaran amb la fam\u00edlia de la seva parella ling\u00fc\u00edstica i participaran en les diferents activitats programades pel centre. Durant aquests dies ja han pogut gaudir de sortides com ara la visita de les caves Soci\u00e9t\u00e9 a Roquefort, el museu i taller de cuir a Millau i una ruta guiada a Montpellier. En els propers dies continuaran visitant la regi\u00f3 i disfrutant d&#8217;aquesta experi\u00e8ncia inoblidable!<\/p>\n<p><iframe loading=\"lazy\" src=\"https:\/\/www.youtube.com\/embed\/0Y-PLLHbdzk\" width=\"560\" height=\"315\" frameborder=\"0\" allowfullscreen=\"allowfullscreen\"><\/iframe><\/p>\n","protected":false},"excerpt":{"rendered":"<p>Els alumnes de franc\u00e8s ja han arribat a Fran\u00e7a per participar en l&#8217;intercanvi que tenien programat amb l&#8217;institut Cit\u00e9 Scolaire Jean Jaur\u00e8s de Saint-Affrique. Durant una setmana s&#8217;allotjaran amb la fam\u00edlia de la seva parella ling\u00fc\u00edstica i participaran en les diferents activitats programades pel centre.&hellip;  <a href=\"https:\/\/agora.xtec.cat\/iesacumella\/portada\/intercanvi-a-franca\/\" title=\"Read Intercanvi a Fran\u00e7a\">Llegeix m\u00e9s\u00bb<\/a><\/p>\n","protected":false},"author":1,"featured_media":5147,"comment_status":"closed","ping_status":"closed","sticky":false,"template":"","format":"standard","meta":{"_bbp_topic_count":0,"_bbp_reply_count":0,"_bbp_total_topic_count":0,"_bbp_total_reply_count":0,"_bbp_voice_count":0,"_bbp_anonymous_reply_count":0,"_bbp_topic_count_hidden":0,"_bbp_reply_count_hidden":0,"_bbp_forum_subforum_count":0,"footnotes":""},"categories":[29],"tags":[],"class_list":["post-5132","post","type-post","status-publish","format-standard","has-post-thumbnail","hentry","category-portada"],"post_mailing_queue_ids":[],"_links":{"self":[{"href":"https:\/\/agora.xtec.cat\/iesacumella\/wp-json\/wp\/v2\/posts\/5132","targetHints":{"allow":["GET"]}}],"collection":[{"href":"https:\/\/agora.xtec.cat\/iesacumella\/wp-json\/wp\/v2\/posts"}],"about":[{"href":"https:\/\/agora.xtec.cat\/iesacumella\/wp-json\/wp\/v2\/types\/post"}],"author":[{"embeddable":true,"href":"https:\/\/agora.xtec.cat\/iesacumella\/wp-json\/wp\/v2\/users\/1"}],"replies":[{"embeddable":true,"href":"https:\/\/agora.xtec.cat\/iesacumella\/wp-json\/wp\/v2\/comments?post=5132"}],"version-history":[{"count":1,"href":"https:\/\/agora.xtec.cat\/iesacumella\/wp-json\/wp\/v2\/posts\/5132\/revisions"}],"predecessor-version":[{"id":5833,"href":"https:\/\/agora.xtec.cat\/iesacumella\/wp-json\/wp\/v2\/posts\/5132\/revisions\/5833"}],"wp:featuredmedia":[{"embeddable":true,"href":"https:\/\/agora.xtec.cat\/iesacumella\/wp-json\/"}],"wp:attachment":[{"href":"https:\/\/agora.xtec.cat\/iesacumella\/wp-json\/wp\/v2\/media?parent=5132"}],"wp:term":[{"taxonomy":"category","embeddable":true,"href":"https:\/\/agora.xtec.cat\/iesacumella\/wp-json\/wp\/v2\/categories?post=5132"},{"taxonomy":"post_tag","embeddable":true,"href":"https:\/\/agora.xtec.cat\/iesacumella\/wp-json\/wp\/v2\/tags?post=5132"}],"curies":[{"name":"wp","href":"https:\/\/api.w.org\/{rel}","templated":true}]}}