{"id":5027,"date":"2018-03-10T08:47:39","date_gmt":"2018-03-10T07:47:39","guid":{"rendered":"http:\/\/blog.iesacumella.cat\/?p=5027"},"modified":"2018-07-16T15:16:17","modified_gmt":"2018-07-16T13:16:17","slug":"lalejandro-palomas-autor-dun-hijo-ha-visitat","status":"publish","type":"post","link":"https:\/\/agora.xtec.cat\/iesacumella\/portada\/lalejandro-palomas-autor-dun-hijo-ha-visitat\/","title":{"rendered":"L&#8217;Alejandro Palomas, autor d&#8217;Un hijo, ens ha visitat."},"content":{"rendered":"<div><\/div>\n<div><\/div>\n<div><a href=\"http:\/\/agora.xtec.cat\/iesacumella\/wp-content\/uploads\/usu1642\/2018\/03\/20180309_110455.jpg\"><img loading=\"lazy\" decoding=\"async\" class=\"alignnone size-medium wp-image-5032\" src=\"http:\/\/agora.xtec.cat\/iesacumella\/wp-content\/uploads\/usu1642\/2018\/03\/20180309_110455-300x225.jpg\" alt=\"20180309_110455\" width=\"300\" height=\"225\" srcset=\"https:\/\/agora.xtec.cat\/iesacumella\/wp-content\/uploads\/usu1642\/2018\/03\/20180309_110455-300x225.jpg 300w, https:\/\/agora.xtec.cat\/iesacumella\/wp-content\/uploads\/usu1642\/2018\/03\/20180309_110455-768x576.jpg 768w, https:\/\/agora.xtec.cat\/iesacumella\/wp-content\/uploads\/usu1642\/2018\/03\/20180309_110455-1024x768.jpg 1024w, https:\/\/agora.xtec.cat\/iesacumella\/wp-content\/uploads\/usu1642\/2018\/03\/20180309_110455-200x150.jpg 200w\" sizes=\"auto, (max-width: 300px) 100vw, 300px\" \/><\/a><a href=\"http:\/\/agora.xtec.cat\/iesacumella\/wp-content\/uploads\/usu1642\/2018\/03\/20180309_101220.jpg\"><img loading=\"lazy\" decoding=\"async\" class=\"alignnone wp-image-5031\" src=\"http:\/\/agora.xtec.cat\/iesacumella\/wp-content\/uploads\/usu1642\/2018\/03\/20180309_101220-300x225.jpg\" alt=\"20180309_101220\" width=\"300\" height=\"222\" \/><\/a><a href=\"http:\/\/agora.xtec.cat\/iesacumella\/wp-content\/uploads\/usu1642\/2018\/03\/20180309_100344.jpg\"><img loading=\"lazy\" decoding=\"async\" class=\"alignnone size-medium wp-image-5030\" src=\"http:\/\/agora.xtec.cat\/iesacumella\/wp-content\/uploads\/usu1642\/2018\/03\/20180309_100344-300x225.jpg\" alt=\"20180309_100344\" width=\"300\" height=\"225\" srcset=\"https:\/\/agora.xtec.cat\/iesacumella\/wp-content\/uploads\/usu1642\/2018\/03\/20180309_100344-300x225.jpg 300w, https:\/\/agora.xtec.cat\/iesacumella\/wp-content\/uploads\/usu1642\/2018\/03\/20180309_100344-768x576.jpg 768w, https:\/\/agora.xtec.cat\/iesacumella\/wp-content\/uploads\/usu1642\/2018\/03\/20180309_100344-1024x768.jpg 1024w, https:\/\/agora.xtec.cat\/iesacumella\/wp-content\/uploads\/usu1642\/2018\/03\/20180309_100344-200x150.jpg 200w\" sizes=\"auto, (max-width: 300px) 100vw, 300px\" \/><\/a><\/div>\n<div>L&#8217;Alejandro Palomas, autor d&#8217;<i>Un hijo<\/i>, guardonat amb el Premi Nadal 2018, ens ha visitat aquest divendres 9 de mar\u00e7 gr\u00e0cies al programa\u00a0<i>Encuentros Literarios,<\/i>\u00a0promogut i subvencionat pel MEC (<i>Ministerio de Educaci\u00f3n y Cultura<\/i>). Dins el marc de les activitats en qu\u00e8 han treballat els alumnes de 2n i 3r d&#8217;ESO durant la lectura d&#8217;aquesta novel\u00b7la m\u00e0gica i plena d&#8217;un encisador m\u00f3n imaginari, el Departament de Castell\u00e0 ha organitzat una tert\u00falia liter\u00e0ria amb l&#8217;escriptor amb l&#8217;objectiu de complementar el treball d&#8217;una experi\u00e8ncia lectora inoblidable. Aquesta tert\u00falia s&#8217;ha desenvolupat a partir de preguntes que havien preparat els alumnes sobre q\u00fcestions relacionades amb la traject\u00f2ria liter\u00e0ria de l&#8217;autor, el seu proc\u00e9s creatiu, la trama de la novel\u00b7la o els m\u00faltiples temes que es deriven de la lectura.<\/div>\n<div>L&#8217;Alejandro Palomas s&#8217;ha mostrat molt natural i proper i el seu discurs i les seves ensenyances ens ha conven\u00e7ut de qu\u00e8 ell \u00e9s tot un mag de la paraula.<\/div>\n<div><\/div>\n","protected":false},"excerpt":{"rendered":"<p><a href=\"http:\/\/agora.xtec.cat\/iesacumella\/wp-content\/uploads\/usu1642\/2018\/03\/20180309_110455.jpg\"><\/a><a href=\"http:\/\/agora.xtec.cat\/iesacumella\/wp-content\/uploads\/usu1642\/2018\/03\/20180309_101220.jpg\"><\/a><a href=\"http:\/\/agora.xtec.cat\/iesacumella\/wp-content\/uploads\/usu1642\/2018\/03\/20180309_100344.jpg\"><\/a><br \/>\nL&#8217;Alejandro Palomas, autor d&#8217;Un hijo, guardonat amb el Premi Nadal 2018, ens ha visitat aquest divendres 9 de mar\u00e7 gr\u00e0cies al programa\u00a0Encuentros Literarios,\u00a0promogut i subvencionat pel MEC (Ministerio de Educaci\u00f3n y Cultura). Dins el marc de les activitats en qu\u00e8 han treballat&hellip;  <a href=\"https:\/\/agora.xtec.cat\/iesacumella\/portada\/lalejandro-palomas-autor-dun-hijo-ha-visitat\/\" title=\"Read L&#8217;Alejandro Palomas, autor d&#8217;Un hijo, ens ha visitat.\">Llegeix m\u00e9s\u00bb<\/a><\/p>\n","protected":false},"author":1,"featured_media":5029,"comment_status":"closed","ping_status":"closed","sticky":false,"template":"","format":"standard","meta":{"_bbp_topic_count":0,"_bbp_reply_count":0,"_bbp_total_topic_count":0,"_bbp_total_reply_count":0,"_bbp_voice_count":0,"_bbp_anonymous_reply_count":0,"_bbp_topic_count_hidden":0,"_bbp_reply_count_hidden":0,"_bbp_forum_subforum_count":0,"footnotes":""},"categories":[110,29],"tags":[],"class_list":["post-5027","post","type-post","status-publish","format-standard","has-post-thumbnail","hentry","category-llengua-castellana","category-portada"],"post_mailing_queue_ids":[],"_links":{"self":[{"href":"https:\/\/agora.xtec.cat\/iesacumella\/wp-json\/wp\/v2\/posts\/5027","targetHints":{"allow":["GET"]}}],"collection":[{"href":"https:\/\/agora.xtec.cat\/iesacumella\/wp-json\/wp\/v2\/posts"}],"about":[{"href":"https:\/\/agora.xtec.cat\/iesacumella\/wp-json\/wp\/v2\/types\/post"}],"author":[{"embeddable":true,"href":"https:\/\/agora.xtec.cat\/iesacumella\/wp-json\/wp\/v2\/users\/1"}],"replies":[{"embeddable":true,"href":"https:\/\/agora.xtec.cat\/iesacumella\/wp-json\/wp\/v2\/comments?post=5027"}],"version-history":[{"count":2,"href":"https:\/\/agora.xtec.cat\/iesacumella\/wp-json\/wp\/v2\/posts\/5027\/revisions"}],"predecessor-version":[{"id":5292,"href":"https:\/\/agora.xtec.cat\/iesacumella\/wp-json\/wp\/v2\/posts\/5027\/revisions\/5292"}],"wp:featuredmedia":[{"embeddable":true,"href":"https:\/\/agora.xtec.cat\/iesacumella\/wp-json\/wp\/v2\/media\/5029"}],"wp:attachment":[{"href":"https:\/\/agora.xtec.cat\/iesacumella\/wp-json\/wp\/v2\/media?parent=5027"}],"wp:term":[{"taxonomy":"category","embeddable":true,"href":"https:\/\/agora.xtec.cat\/iesacumella\/wp-json\/wp\/v2\/categories?post=5027"},{"taxonomy":"post_tag","embeddable":true,"href":"https:\/\/agora.xtec.cat\/iesacumella\/wp-json\/wp\/v2\/tags?post=5027"}],"curies":[{"name":"wp","href":"https:\/\/api.w.org\/{rel}","templated":true}]}}