{"id":5015,"date":"2018-03-01T10:08:01","date_gmt":"2018-03-01T09:08:01","guid":{"rendered":"http:\/\/blog.iesacumella.cat\/?p=5015"},"modified":"2018-07-16T15:16:17","modified_gmt":"2018-07-16T13:16:17","slug":"certamen-literari-sant-jordi-2018","status":"publish","type":"post","link":"https:\/\/agora.xtec.cat\/iesacumella\/portada\/certamen-literari-sant-jordi-2018\/","title":{"rendered":"Certamen literari Sant Jordi 2018"},"content":{"rendered":"<p><a href=\"http:\/\/agora.xtec.cat\/iesacumella\/wp-content\/uploads\/usu1642\/2018\/03\/CARTELL-.jpg\"><img loading=\"lazy\" decoding=\"async\" class=\"aligncenter size-medium wp-image-5017\" src=\"http:\/\/agora.xtec.cat\/iesacumella\/wp-content\/uploads\/usu1642\/2018\/03\/CARTELL--226x300.jpg\" alt=\"CARTELL\" width=\"226\" height=\"300\" srcset=\"https:\/\/agora.xtec.cat\/iesacumella\/wp-content\/uploads\/usu1642\/2018\/03\/CARTELL--226x300.jpg 226w, https:\/\/agora.xtec.cat\/iesacumella\/wp-content\/uploads\/usu1642\/2018\/03\/CARTELL-.jpg 600w\" sizes=\"auto, (max-width: 226px) 100vw, 226px\" \/><\/a><\/p>\n<p><b>Jocs Florals 2018<\/b><\/p>\n<p><b>Convocat\u00f2ria del Premi Literari Sant Jordi<\/b><\/p>\n<ol>\n<li>Hi podr\u00e0 conc\u00f3rrer tot l\u2019alumnat de l&#8217;Institut Antoni Cumella.<\/li>\n<li>El tema \u00e9s lliure.<\/li>\n<li>Els textos han de ser originals i poden correspondre a una gran diversitat de g\u00e8neres: poema, microrelat, narraci\u00f3 breu (tres p\u00e0gines com a m\u00e0xim), mon\u00f2leg, di\u00e0leg, e-mail, missatge SMS, c\u00f2mic o poema visual (cal\u00b7ligrama).<\/li>\n<li>Es poden presentar textos escrits en llengua catalana, castellana, angl\u00e8s o franc\u00e8s.<\/li>\n<li>Hi haur\u00e0 les seg\u00fcents categories:<\/li>\n<\/ol>\n<p>A: 1r d\u2019ESO i 2n d\u2019ESO<\/p>\n<p>B: 3r d\u2019ESO i 4t d\u2019ESO<\/p>\n<p>C: 1r de BATXILLERAT i 2n de BATXILLERAT<\/p>\n<ol>\n<li>Els treballs es presentaran en un sol original, escrits amb ordinador, amb un tipus de lletra clara i respectant els espais. El text tindr\u00e0 un t\u00edtol i, en comptes d\u2019estar signat per l\u2019alumne\/a, hi haur\u00e0 un lema o pseud\u00f2nim. El nom, cognoms i curs de l&#8217;autora o autor s&#8217;escriuran en un paper que es posar\u00e0 dins d&#8217;un sobre. A l&#8217;exterior d&#8217;aquest sobre hi constar\u00e0 <b>el lema o pseud\u00f2nim<\/b>, la <b>categoria<\/b> i la <b>llengua<\/b> en qu\u00e8 est\u00e0 escrit el text.<\/li>\n<\/ol>\n<ol>\n<li>El jurat estar\u00e0 format pel professorat dels Departaments de Lleng\u00fces i prendr\u00e0 les decisions pertinents en relaci\u00f3 als premis.<\/li>\n<\/ol>\n<ol>\n<li><b>Els treballs es podran presentar fins al dia 6 d\u2019abril.<\/b><\/li>\n<li>El lliurament de premis ser\u00e0 el \u00a023 d\u2019abril.<\/li>\n<\/ol>\n<p><img loading=\"lazy\" decoding=\"async\" class=\"image-inner\" draggable=\"false\" src=\"https:\/\/lh5.googleusercontent.com\/g6pYuzQ_rS3JyIxr77LKgAwLjO3cwPyzEJis5XY5FiitKZ2L81YUyDlnL6BRRib5CpwHWS8E1Y6CHjHU1FrDq9TDrgRWctbX0nlOamKWhCROSDnJq29ntIpOHj0kqW1isZKLe_A3VhMJL79Cqw\" width=\"574\" height=\"149\" \/><\/p>\n","protected":false},"excerpt":{"rendered":"<p><a href=\"http:\/\/agora.xtec.cat\/iesacumella\/wp-content\/uploads\/usu1642\/2018\/03\/CARTELL-.jpg\"><\/a><br \/>\nJocs Florals 2018<br \/>\nConvocat\u00f2ria del Premi Literari Sant Jordi<\/p>\n<ol>\n<li>Hi podr\u00e0 conc\u00f3rrer tot l\u2019alumnat de l&#8217;Institut Antoni Cumella.<\/li>\n<li>El tema \u00e9s lliure.<\/li>\n<li>Els textos han de ser originals i poden correspondre a una gran diversitat de g\u00e8neres: poema, microrelat, narraci\u00f3 breu (tres p\u00e0gines com a m\u00e0xim), mon\u00f2leg, di\u00e0leg,&hellip;  <a href=\"https:\/\/agora.xtec.cat\/iesacumella\/portada\/certamen-literari-sant-jordi-2018\/\" title=\"Read Certamen literari Sant Jordi 2018\">Llegeix m\u00e9s\u00bb<\/a><br \/>\n","protected":false},"author":1,"featured_media":5017,"comment_status":"closed","ping_status":"closed","sticky":false,"template":"","format":"standard","meta":{"_bbp_topic_count":0,"_bbp_reply_count":0,"_bbp_total_topic_count":0,"_bbp_total_reply_count":0,"_bbp_voice_count":0,"_bbp_anonymous_reply_count":0,"_bbp_topic_count_hidden":0,"_bbp_reply_count_hidden":0,"_bbp_forum_subforum_count":0,"footnotes":""},"categories":[110,111,112,113,29],"tags":[],"class_list":["post-5015","post","type-post","status-publish","format-standard","has-post-thumbnail","hentry","category-llengua-castellana","category-llengua-catalana","category-llengues-classiques","category-llengues-estrangeres","category-portada"],"post_mailing_queue_ids":[],"_links":{"self":[{"href":"https:\/\/agora.xtec.cat\/iesacumella\/wp-json\/wp\/v2\/posts\/5015","targetHints":{"allow":["GET"]}}],"collection":[{"href":"https:\/\/agora.xtec.cat\/iesacumella\/wp-json\/wp\/v2\/posts"}],"about":[{"href":"https:\/\/agora.xtec.cat\/iesacumella\/wp-json\/wp\/v2\/types\/post"}],"author":[{"embeddable":true,"href":"https:\/\/agora.xtec.cat\/iesacumella\/wp-json\/wp\/v2\/users\/1"}],"replies":[{"embeddable":true,"href":"https:\/\/agora.xtec.cat\/iesacumella\/wp-json\/wp\/v2\/comments?post=5015"}],"version-history":[{"count":1,"href":"https:\/\/agora.xtec.cat\/iesacumella\/wp-json\/wp\/v2\/posts\/5015\/revisions"}],"predecessor-version":[{"id":5293,"href":"https:\/\/agora.xtec.cat\/iesacumella\/wp-json\/wp\/v2\/posts\/5015\/revisions\/5293"}],"wp:featuredmedia":[{"embeddable":true,"href":"https:\/\/agora.xtec.cat\/iesacumella\/wp-json\/wp\/v2\/media\/5017"}],"wp:attachment":[{"href":"https:\/\/agora.xtec.cat\/iesacumella\/wp-json\/wp\/v2\/media?parent=5015"}],"wp:term":[{"taxonomy":"category","embeddable":true,"href":"https:\/\/agora.xtec.cat\/iesacumella\/wp-json\/wp\/v2\/categories?post=5015"},{"taxonomy":"post_tag","embeddable":true,"href":"https:\/\/agora.xtec.cat\/iesacumella\/wp-json\/wp\/v2\/tags?post=5015"}],"curies":[{"name":"wp","href":"https:\/\/api.w.org\/{rel}","templated":true}]}}