{"id":4995,"date":"2018-02-27T18:01:06","date_gmt":"2018-02-27T17:01:06","guid":{"rendered":"http:\/\/blog.iesacumella.cat\/?p=4995"},"modified":"2018-07-16T15:17:01","modified_gmt":"2018-07-16T13:17:01","slug":"previsio-nevades","status":"publish","type":"post","link":"https:\/\/agora.xtec.cat\/iesacumella\/portada\/previsio-nevades\/","title":{"rendered":"Previsi\u00f3 nevades 28\/02\/2018"},"content":{"rendered":"<div>\n<p><a href=\"http:\/\/agora.xtec.cat\/iesacumella\/wp-content\/uploads\/usu1642\/2018\/02\/IMG-20180228-WA0041-1.jpg\"><img loading=\"lazy\" decoding=\"async\" class=\"aligncenter size-medium wp-image-4999\" src=\"http:\/\/agora.xtec.cat\/iesacumella\/wp-content\/uploads\/usu1642\/2018\/02\/IMG-20180228-WA0041-1-300x168.jpg\" alt=\"IMG-20180228-WA0041 (1)\" width=\"300\" height=\"168\" srcset=\"https:\/\/agora.xtec.cat\/iesacumella\/wp-content\/uploads\/usu1642\/2018\/02\/IMG-20180228-WA0041-1-300x168.jpg 300w, https:\/\/agora.xtec.cat\/iesacumella\/wp-content\/uploads\/usu1642\/2018\/02\/IMG-20180228-WA0041-1-768x431.jpg 768w, https:\/\/agora.xtec.cat\/iesacumella\/wp-content\/uploads\/usu1642\/2018\/02\/IMG-20180228-WA0041-1-1024x575.jpg 1024w, https:\/\/agora.xtec.cat\/iesacumella\/wp-content\/uploads\/usu1642\/2018\/02\/IMG-20180228-WA0041-1.jpg 1600w\" sizes=\"auto, (max-width: 300px) 100vw, 300px\" \/><\/a><\/p>\n<div>Benvolguda comunitat educativa,<\/div>\n<div><\/div>\n<div>Seguint indicacions dels Serveis Territorials us comuniquem que el transport escolar del Consell Comarcal ha estat susp\u00e8s per\u00a0 dem\u00e0 dimecres.<\/div>\n<div><\/div>\n<div>El centre romandr\u00e0 obert en primera inst\u00e0ncia per\u00f2 no es podr\u00e0 garantir l\u2019activitat lectiva ordin\u00e0ria, que es pot veure\u00a0 alterada.<\/div>\n<div><\/div>\n<div>En cas de produirse canvis o noves alertes las comunicarem al web i mitjans habituals.<\/div>\n<div><\/div>\n<div>Moltes gr\u00e0cies,<\/div>\n<\/div>\n","protected":false},"excerpt":{"rendered":"<p><a href=\"http:\/\/agora.xtec.cat\/iesacumella\/wp-content\/uploads\/usu1642\/2018\/02\/IMG-20180228-WA0041-1.jpg\"><\/a><br \/>\nBenvolguda comunitat educativa,<\/p>\n<p>Seguint indicacions dels Serveis Territorials us comuniquem que el transport escolar del Consell Comarcal ha estat susp\u00e8s per\u00a0 dem\u00e0 dimecres.<\/p>\n<p>El centre romandr\u00e0 obert en primera inst\u00e0ncia per\u00f2 no es podr\u00e0 garantir l\u2019activitat lectiva ordin\u00e0ria, que es pot veure\u00a0 alterada.<\/p>\n<p>En cas de produirse&hellip;  <a href=\"https:\/\/agora.xtec.cat\/iesacumella\/portada\/previsio-nevades\/\" title=\"Read Previsi\u00f3 nevades 28\/02\/2018\">Llegeix m\u00e9s\u00bb<\/a><\/p>\n","protected":false},"author":1,"featured_media":5412,"comment_status":"closed","ping_status":"closed","sticky":false,"template":"","format":"standard","meta":{"_bbp_topic_count":0,"_bbp_reply_count":0,"_bbp_total_topic_count":0,"_bbp_total_reply_count":0,"_bbp_voice_count":0,"_bbp_anonymous_reply_count":0,"_bbp_topic_count_hidden":0,"_bbp_reply_count_hidden":0,"_bbp_forum_subforum_count":0,"footnotes":""},"categories":[29],"tags":[],"class_list":["post-4995","post","type-post","status-publish","format-standard","has-post-thumbnail","hentry","category-portada"],"post_mailing_queue_ids":[],"_links":{"self":[{"href":"https:\/\/agora.xtec.cat\/iesacumella\/wp-json\/wp\/v2\/posts\/4995","targetHints":{"allow":["GET"]}}],"collection":[{"href":"https:\/\/agora.xtec.cat\/iesacumella\/wp-json\/wp\/v2\/posts"}],"about":[{"href":"https:\/\/agora.xtec.cat\/iesacumella\/wp-json\/wp\/v2\/types\/post"}],"author":[{"embeddable":true,"href":"https:\/\/agora.xtec.cat\/iesacumella\/wp-json\/wp\/v2\/users\/1"}],"replies":[{"embeddable":true,"href":"https:\/\/agora.xtec.cat\/iesacumella\/wp-json\/wp\/v2\/comments?post=4995"}],"version-history":[{"count":2,"href":"https:\/\/agora.xtec.cat\/iesacumella\/wp-json\/wp\/v2\/posts\/4995\/revisions"}],"predecessor-version":[{"id":5413,"href":"https:\/\/agora.xtec.cat\/iesacumella\/wp-json\/wp\/v2\/posts\/4995\/revisions\/5413"}],"wp:featuredmedia":[{"embeddable":true,"href":"https:\/\/agora.xtec.cat\/iesacumella\/wp-json\/wp\/v2\/media\/5412"}],"wp:attachment":[{"href":"https:\/\/agora.xtec.cat\/iesacumella\/wp-json\/wp\/v2\/media?parent=4995"}],"wp:term":[{"taxonomy":"category","embeddable":true,"href":"https:\/\/agora.xtec.cat\/iesacumella\/wp-json\/wp\/v2\/categories?post=4995"},{"taxonomy":"post_tag","embeddable":true,"href":"https:\/\/agora.xtec.cat\/iesacumella\/wp-json\/wp\/v2\/tags?post=4995"}],"curies":[{"name":"wp","href":"https:\/\/api.w.org\/{rel}","templated":true}]}}