{"id":4973,"date":"2018-02-23T11:26:36","date_gmt":"2018-02-23T10:26:36","guid":{"rendered":"http:\/\/blog.iesacumella.cat\/?p=4973"},"modified":"2018-07-16T15:17:01","modified_gmt":"2018-07-16T13:17:01","slug":"jornada-portes-obertes-pel-curs-2018-2019","status":"publish","type":"post","link":"https:\/\/agora.xtec.cat\/iesacumella\/portada\/jornada-portes-obertes-pel-curs-2018-2019\/","title":{"rendered":"Jornada de portes obertes pel curs 2018-2019"},"content":{"rendered":"<p>La propera setmana es faran la jornada de portes obertes pel curs 2018-2019 les sessions informatives s\u00f3n les seg\u00fcents:<\/p>\n<ul>\n<li>El dimecres 28 de mar\u00e7 de\u00a018h a 21 h(18.00 i 19.30 sessions informatives)<\/li>\n<li>El dissabte 3 mar\u00e7 de 10h a 13h. (A les 11h sessi\u00f3 informativa)<\/li>\n<\/ul>\n<p>Tamb\u00e9 podreu gaudir de les seg\u00fcents activitats i atencions individualitzades i en petit grup, per con\u00e8ixer els diferents projectes del centre:<\/p>\n<ul>\n<li>PROJECTES GEP (Grup experimental de pluriling\u00fcisme)<\/li>\n<li>ERASMUS<\/li>\n<li>TEI (TUTORIA ENTRE IGUALS).<\/li>\n<li>PROJECTE DE FRANC\u00c8S (Delf scolaire)<\/li>\n<li>JOCS LING\u00dc\u00cdSTICS<\/li>\n<li>MIT DEUTSCH SPIELEN<\/li>\n<li>TALLER DE CI\u00c8NCIES<\/li>\n<li>PROJECTE DE TECNOLOGIA<\/li>\n<li>MURAL TERMES ROMANES<\/li>\n<li>B\u00c0DMINTON.<\/li>\n<\/ul>\n<p>Animeu-vos, sereu benvinguts.<\/p>\n<p>Recordeu que el proper de 9 de maig ser\u00e0 la jornada de portes obertes de batxillerat<\/p>\n<p>&nbsp;<\/p>\n<p><a href=\"http:\/\/agora.xtec.cat\/iesacumella\/wp-content\/uploads\/usu1642\/2018\/02\/Imagen2.jpg\"><img loading=\"lazy\" decoding=\"async\" class=\"alignnone size-large wp-image-4975\" src=\"http:\/\/agora.xtec.cat\/iesacumella\/wp-content\/uploads\/usu1642\/2018\/02\/Imagen2-1024x615.jpg\" alt=\"Imagen2\" width=\"980\" height=\"589\" srcset=\"https:\/\/agora.xtec.cat\/iesacumella\/wp-content\/uploads\/usu1642\/2018\/02\/Imagen2-1024x615.jpg 1024w, https:\/\/agora.xtec.cat\/iesacumella\/wp-content\/uploads\/usu1642\/2018\/02\/Imagen2-300x180.jpg 300w, https:\/\/agora.xtec.cat\/iesacumella\/wp-content\/uploads\/usu1642\/2018\/02\/Imagen2-768x461.jpg 768w, https:\/\/agora.xtec.cat\/iesacumella\/wp-content\/uploads\/usu1642\/2018\/02\/Imagen2.jpg 1973w\" sizes=\"auto, (max-width: 980px) 100vw, 980px\" \/><\/a><\/p>\n","protected":false},"excerpt":{"rendered":"<p>La propera setmana es faran la jornada de portes obertes pel curs 2018-2019 les sessions informatives s\u00f3n les seg\u00fcents:<\/p>\n<ul>\n<li>El dimecres 28 de mar\u00e7 de\u00a018h a 21 h(18.00 i 19.30 sessions informatives)<\/li>\n<li>El dissabte 3 mar\u00e7 de 10h a 13h. (A les 11h sessi\u00f3 informativa)<\/li>\n<\/ul>\n<p>Tamb\u00e9 podreu gaudir&hellip;  <a href=\"https:\/\/agora.xtec.cat\/iesacumella\/portada\/jornada-portes-obertes-pel-curs-2018-2019\/\" title=\"Read Jornada de portes obertes pel curs 2018-2019\">Llegeix m\u00e9s\u00bb<\/a><\/p>\n","protected":false},"author":1,"featured_media":4975,"comment_status":"closed","ping_status":"closed","sticky":false,"template":"","format":"standard","meta":{"_bbp_topic_count":0,"_bbp_reply_count":0,"_bbp_total_topic_count":0,"_bbp_total_reply_count":0,"_bbp_voice_count":0,"_bbp_anonymous_reply_count":0,"_bbp_topic_count_hidden":0,"_bbp_reply_count_hidden":0,"_bbp_forum_subforum_count":0,"footnotes":""},"categories":[29],"tags":[],"class_list":["post-4973","post","type-post","status-publish","format-standard","has-post-thumbnail","hentry","category-portada"],"post_mailing_queue_ids":[],"_links":{"self":[{"href":"https:\/\/agora.xtec.cat\/iesacumella\/wp-json\/wp\/v2\/posts\/4973","targetHints":{"allow":["GET"]}}],"collection":[{"href":"https:\/\/agora.xtec.cat\/iesacumella\/wp-json\/wp\/v2\/posts"}],"about":[{"href":"https:\/\/agora.xtec.cat\/iesacumella\/wp-json\/wp\/v2\/types\/post"}],"author":[{"embeddable":true,"href":"https:\/\/agora.xtec.cat\/iesacumella\/wp-json\/wp\/v2\/users\/1"}],"replies":[{"embeddable":true,"href":"https:\/\/agora.xtec.cat\/iesacumella\/wp-json\/wp\/v2\/comments?post=4973"}],"version-history":[{"count":1,"href":"https:\/\/agora.xtec.cat\/iesacumella\/wp-json\/wp\/v2\/posts\/4973\/revisions"}],"predecessor-version":[{"id":5298,"href":"https:\/\/agora.xtec.cat\/iesacumella\/wp-json\/wp\/v2\/posts\/4973\/revisions\/5298"}],"wp:featuredmedia":[{"embeddable":true,"href":"https:\/\/agora.xtec.cat\/iesacumella\/wp-json\/wp\/v2\/media\/4975"}],"wp:attachment":[{"href":"https:\/\/agora.xtec.cat\/iesacumella\/wp-json\/wp\/v2\/media?parent=4973"}],"wp:term":[{"taxonomy":"category","embeddable":true,"href":"https:\/\/agora.xtec.cat\/iesacumella\/wp-json\/wp\/v2\/categories?post=4973"},{"taxonomy":"post_tag","embeddable":true,"href":"https:\/\/agora.xtec.cat\/iesacumella\/wp-json\/wp\/v2\/tags?post=4973"}],"curies":[{"name":"wp","href":"https:\/\/api.w.org\/{rel}","templated":true}]}}