{"id":4969,"date":"2018-02-23T11:08:07","date_gmt":"2018-02-23T10:08:07","guid":{"rendered":"http:\/\/blog.iesacumella.cat\/?p=4969"},"modified":"2018-07-16T15:17:01","modified_gmt":"2018-07-16T13:17:01","slug":"presentacio-secundaria-publica-granollers","status":"publish","type":"post","link":"https:\/\/agora.xtec.cat\/iesacumella\/portada\/presentacio-secundaria-publica-granollers\/","title":{"rendered":"Presentaci\u00f3 de la secund\u00e0ria p\u00fablica de Granollers"},"content":{"rendered":"<p>El dilluns\u00a0 19 de mar\u00e7 es va realitzar la presentaci\u00f3 de la secund\u00e0ria p\u00fablica de Granollers. Us compartim la presentaci\u00f3 de la sessi\u00f3 de presentaci\u00f3:<\/p>\n<p style=\"margin: 12px auto 6px auto; font-family: Helvetica,Arial,Sans-serif; font-style: normal; font-variant: normal; font-weight: normal; font-size: 14px; line-height: normal; font-size-adjust: none; font-stretch: normal; -x-system-font: none; display: block;\"><a style=\"text-decoration: underline;\" title=\"View Presentaci\u00f3 secund\u00e0ria p\u00fablica de Granollers on Scribd\" href=\"https:\/\/www.scribd.com\/document\/372202886\/Presentacio-secundaria-publica-de-Granollers#from_embed\">Presentaci\u00f3 secund\u00e0ria p\u00fablica de Granollers<\/a> by <a style=\"text-decoration: underline;\" title=\"View Llu\u00ed\u00ads Serra Gil's profile on Scribd\" href=\"https:\/\/www.scribd.com\/user\/364765361\/Llui-s-Serra-Gil#from_embed\">Llu\u00ed\u00ads Serra Gil<\/a> on Scribd<\/p>\n<p><iframe loading=\"lazy\" id=\"doc_33850\" class=\"scribd_iframe_embed\" title=\"Presentaci\u00f3 secund\u00e0ria p\u00fablica de Granollers\" src=\"https:\/\/www.scribd.com\/embeds\/372202886\/content?start_page=1&amp;view_mode=slideshow&amp;access_key=key-YG5utmmz1128GezTE0GC&amp;show_recommendations=true\" width=\"450\" height=\"600\" frameborder=\"0\" scrolling=\"no\" data-auto-height=\"false\" data-aspect-ratio=\"1.7790927021696252\"><\/iframe><\/p>\n","protected":false},"excerpt":{"rendered":"<p>El dilluns\u00a0 19 de mar\u00e7 es va realitzar la presentaci\u00f3 de la secund\u00e0ria p\u00fablica de Granollers. Us compartim la presentaci\u00f3 de la sessi\u00f3 de presentaci\u00f3:<br \/>\n<a style=\"text-decoration: underline;\" title=\"View Presentaci\u00f3 secund\u00e0ria p\u00fablica de Granollers on Scribd\" href=\"https:\/\/www.scribd.com\/document\/372202886\/Presentacio-secundaria-publica-de-Granollers#from_embed\">Presentaci\u00f3 secund\u00e0ria p\u00fablica de Granollers<\/a> by <a style=\"text-decoration: underline;\" title=\"View&hellip;  <a href=\"https:\/\/agora.xtec.cat\/iesacumella\/portada\/presentacio-secundaria-publica-granollers\/\" title=\"Read Presentaci\u00f3 de la secund\u00e0ria p\u00fablica de Granollers\">Llegeix m\u00e9s\u00bb<\/a><\/p>\n","protected":false},"author":1,"featured_media":4972,"comment_status":"closed","ping_status":"closed","sticky":false,"template":"","format":"standard","meta":{"_bbp_topic_count":0,"_bbp_reply_count":0,"_bbp_total_topic_count":0,"_bbp_total_reply_count":0,"_bbp_voice_count":0,"_bbp_anonymous_reply_count":0,"_bbp_topic_count_hidden":0,"_bbp_reply_count_hidden":0,"_bbp_forum_subforum_count":0,"footnotes":""},"categories":[29],"tags":[],"class_list":["post-4969","post","type-post","status-publish","format-standard","has-post-thumbnail","hentry","category-portada"],"post_mailing_queue_ids":[],"_links":{"self":[{"href":"https:\/\/agora.xtec.cat\/iesacumella\/wp-json\/wp\/v2\/posts\/4969","targetHints":{"allow":["GET"]}}],"collection":[{"href":"https:\/\/agora.xtec.cat\/iesacumella\/wp-json\/wp\/v2\/posts"}],"about":[{"href":"https:\/\/agora.xtec.cat\/iesacumella\/wp-json\/wp\/v2\/types\/post"}],"author":[{"embeddable":true,"href":"https:\/\/agora.xtec.cat\/iesacumella\/wp-json\/wp\/v2\/users\/1"}],"replies":[{"embeddable":true,"href":"https:\/\/agora.xtec.cat\/iesacumella\/wp-json\/wp\/v2\/comments?post=4969"}],"version-history":[{"count":1,"href":"https:\/\/agora.xtec.cat\/iesacumella\/wp-json\/wp\/v2\/posts\/4969\/revisions"}],"predecessor-version":[{"id":5299,"href":"https:\/\/agora.xtec.cat\/iesacumella\/wp-json\/wp\/v2\/posts\/4969\/revisions\/5299"}],"wp:featuredmedia":[{"embeddable":true,"href":"https:\/\/agora.xtec.cat\/iesacumella\/wp-json\/wp\/v2\/media\/4972"}],"wp:attachment":[{"href":"https:\/\/agora.xtec.cat\/iesacumella\/wp-json\/wp\/v2\/media?parent=4969"}],"wp:term":[{"taxonomy":"category","embeddable":true,"href":"https:\/\/agora.xtec.cat\/iesacumella\/wp-json\/wp\/v2\/categories?post=4969"},{"taxonomy":"post_tag","embeddable":true,"href":"https:\/\/agora.xtec.cat\/iesacumella\/wp-json\/wp\/v2\/tags?post=4969"}],"curies":[{"name":"wp","href":"https:\/\/api.w.org\/{rel}","templated":true}]}}