{"id":4959,"date":"2018-02-22T09:34:34","date_gmt":"2018-02-22T08:34:34","guid":{"rendered":"http:\/\/blog.iesacumella.cat\/?p=4959"},"modified":"2018-07-16T15:17:01","modified_gmt":"2018-07-16T13:17:01","slug":"english-day-at-lledoner-school","status":"publish","type":"post","link":"https:\/\/agora.xtec.cat\/iesacumella\/portada\/english-day-at-lledoner-school\/","title":{"rendered":"English Day at Lledoner School"},"content":{"rendered":"<p>El dimecres 6 de febrer, l\u00b4escola Lledoner de Granollers va celebrar l\u00b4English Day, i<br \/>\nalguns dels alumnes de 1r de batxillerat de l\u00b4institut Antoni Cumella vam estar<br \/>\nacompanyant-los durant aquest dia tan especial.<br \/>\nUna vegada all\u00e0, ens van distribuir en diferents classes de prim\u00e0ria. Ja instal\u00b7lats, vam<br \/>\najudar els petits a construir joguines i escriure el manual d\u00b4instruccions de cadascuna<br \/>\nd\u2019elles en angl\u00e8s.<\/p>\n<p><a href=\"http:\/\/agora.xtec.cat\/iesacumella\/wp-content\/uploads\/usu1642\/2018\/02\/IMG_20180207_101047.jpg\"><img loading=\"lazy\" decoding=\"async\" class=\"size-medium wp-image-4962 alignleft\" src=\"http:\/\/agora.xtec.cat\/iesacumella\/wp-content\/uploads\/usu1642\/2018\/02\/IMG_20180207_101047-300x225.jpg\" alt=\"IMG_20180207_101047\" width=\"300\" height=\"225\" srcset=\"https:\/\/agora.xtec.cat\/iesacumella\/wp-content\/uploads\/usu1642\/2018\/02\/IMG_20180207_101047-300x225.jpg 300w, https:\/\/agora.xtec.cat\/iesacumella\/wp-content\/uploads\/usu1642\/2018\/02\/IMG_20180207_101047-768x576.jpg 768w, https:\/\/agora.xtec.cat\/iesacumella\/wp-content\/uploads\/usu1642\/2018\/02\/IMG_20180207_101047-1024x768.jpg 1024w, https:\/\/agora.xtec.cat\/iesacumella\/wp-content\/uploads\/usu1642\/2018\/02\/IMG_20180207_101047-200x150.jpg 200w\" sizes=\"auto, (max-width: 300px) 100vw, 300px\" \/><\/a> <a href=\"http:\/\/agora.xtec.cat\/iesacumella\/wp-content\/uploads\/usu1642\/2018\/02\/IMG_20180207_100913.jpg\"><img loading=\"lazy\" decoding=\"async\" class=\"aligncenter size-medium wp-image-4963\" src=\"http:\/\/agora.xtec.cat\/iesacumella\/wp-content\/uploads\/usu1642\/2018\/02\/IMG_20180207_100913-300x225.jpg\" alt=\"IMG_20180207_100913\" width=\"300\" height=\"225\" srcset=\"https:\/\/agora.xtec.cat\/iesacumella\/wp-content\/uploads\/usu1642\/2018\/02\/IMG_20180207_100913-300x225.jpg 300w, https:\/\/agora.xtec.cat\/iesacumella\/wp-content\/uploads\/usu1642\/2018\/02\/IMG_20180207_100913-768x576.jpg 768w, https:\/\/agora.xtec.cat\/iesacumella\/wp-content\/uploads\/usu1642\/2018\/02\/IMG_20180207_100913-1024x768.jpg 1024w, https:\/\/agora.xtec.cat\/iesacumella\/wp-content\/uploads\/usu1642\/2018\/02\/IMG_20180207_100913-200x150.jpg 200w\" sizes=\"auto, (max-width: 300px) 100vw, 300px\" \/><\/a><\/p>\n<p>El proc\u00e9s va ser molt divertit i entretingut. Despr\u00e9s d\u2019enllestir el<br \/>\nmanual vam comen\u00e7ar amb la construcci\u00f3 de les joguines al ritme de la m\u00fasica.<\/p>\n<p><a href=\"http:\/\/agora.xtec.cat\/iesacumella\/wp-content\/uploads\/usu1642\/2018\/02\/IMG_20180207_113755.jpg\"><img loading=\"lazy\" decoding=\"async\" class=\"aligncenter size-medium wp-image-4961\" src=\"http:\/\/agora.xtec.cat\/iesacumella\/wp-content\/uploads\/usu1642\/2018\/02\/IMG_20180207_113755-300x225.jpg\" alt=\"IMG_20180207_113755\" width=\"300\" height=\"225\" srcset=\"https:\/\/agora.xtec.cat\/iesacumella\/wp-content\/uploads\/usu1642\/2018\/02\/IMG_20180207_113755-300x225.jpg 300w, https:\/\/agora.xtec.cat\/iesacumella\/wp-content\/uploads\/usu1642\/2018\/02\/IMG_20180207_113755-768x576.jpg 768w, https:\/\/agora.xtec.cat\/iesacumella\/wp-content\/uploads\/usu1642\/2018\/02\/IMG_20180207_113755-1024x768.jpg 1024w, https:\/\/agora.xtec.cat\/iesacumella\/wp-content\/uploads\/usu1642\/2018\/02\/IMG_20180207_113755-200x150.jpg 200w\" sizes=\"auto, (max-width: 300px) 100vw, 300px\" \/><\/a><br \/>\nDurant l\u00b4hora del pati, van preparar un petit &#8220;pica pica&#8221;; al que ens van convidar amb<br \/>\nmolta amabilitat.<\/p>\n<p>Amb la panxa plena, vam tornar a les classes amb els nenes i nenes per acabar la<br \/>\nfeina.<\/p>\n<p><a href=\"http:\/\/agora.xtec.cat\/iesacumella\/wp-content\/uploads\/usu1642\/2018\/02\/IMG_20180207_102758.jpg\"><img loading=\"lazy\" decoding=\"async\" class=\"aligncenter size-medium wp-image-4966\" src=\"http:\/\/agora.xtec.cat\/iesacumella\/wp-content\/uploads\/usu1642\/2018\/02\/IMG_20180207_102758-225x300.jpg\" alt=\"IMG_20180207_102758\" width=\"225\" height=\"300\" srcset=\"https:\/\/agora.xtec.cat\/iesacumella\/wp-content\/uploads\/usu1642\/2018\/02\/IMG_20180207_102758-225x300.jpg 225w, https:\/\/agora.xtec.cat\/iesacumella\/wp-content\/uploads\/usu1642\/2018\/02\/IMG_20180207_102758-768x1024.jpg 768w\" sizes=\"auto, (max-width: 225px) 100vw, 225px\" \/><\/a><br \/>\nFinalment, a l\u00b4hora de marxar ens van acomiadar amb molta tristesa, demanant-nos<br \/>\nque torn\u00e9ssim aviat.<br \/>\nL\u00b4experi\u00e8ncia va ser molt bona i l\u00b4ambient, molt agradable i positiu. Els petits van estar<br \/>\nmolt participatius i ens van rebre a tots i a totes amb els bra\u00e7os oberts i molt agra\u00efts.<br \/>\nIt was amazing being there with those kids, helping them to do their English Day<br \/>\nactivities, laughing and dancing. We enjoyed it a lot, I hope we could go back there in<br \/>\nthe future! At the begining of March we are celebrating our English Day in Antoni<br \/>\nCumella, and we\u2019re very excited to have kids from all over Granollers primary schools.<br \/>\nThey will be taking part in all the activities we have happily prepared for them. I\u2019m sure<br \/>\nit\u2019s gonna be a big success and I hope all families in Granollers could come one day.<\/p>\n","protected":false},"excerpt":{"rendered":"<p>El dimecres 6 de febrer, l\u00b4escola Lledoner de Granollers va celebrar l\u00b4English Day, i<br \/>\nalguns dels alumnes de 1r de batxillerat de l\u00b4institut Antoni Cumella vam estar<br \/>\nacompanyant-los durant aquest dia tan especial.<br \/>\nUna vegada all\u00e0, ens van distribuir en diferents classes de prim\u00e0ria. Ja instal\u00b7lats, vam<br \/>\najudar els&hellip;  <a href=\"https:\/\/agora.xtec.cat\/iesacumella\/portada\/english-day-at-lledoner-school\/\" title=\"Read English Day at Lledoner School\">Llegeix m\u00e9s\u00bb<\/a><\/p>\n","protected":false},"author":1,"featured_media":4966,"comment_status":"closed","ping_status":"closed","sticky":false,"template":"","format":"standard","meta":{"_bbp_topic_count":0,"_bbp_reply_count":0,"_bbp_total_topic_count":0,"_bbp_total_reply_count":0,"_bbp_voice_count":0,"_bbp_anonymous_reply_count":0,"_bbp_topic_count_hidden":0,"_bbp_reply_count_hidden":0,"_bbp_forum_subforum_count":0,"footnotes":""},"categories":[29],"tags":[],"class_list":["post-4959","post","type-post","status-publish","format-standard","has-post-thumbnail","hentry","category-portada"],"post_mailing_queue_ids":[],"_links":{"self":[{"href":"https:\/\/agora.xtec.cat\/iesacumella\/wp-json\/wp\/v2\/posts\/4959","targetHints":{"allow":["GET"]}}],"collection":[{"href":"https:\/\/agora.xtec.cat\/iesacumella\/wp-json\/wp\/v2\/posts"}],"about":[{"href":"https:\/\/agora.xtec.cat\/iesacumella\/wp-json\/wp\/v2\/types\/post"}],"author":[{"embeddable":true,"href":"https:\/\/agora.xtec.cat\/iesacumella\/wp-json\/wp\/v2\/users\/1"}],"replies":[{"embeddable":true,"href":"https:\/\/agora.xtec.cat\/iesacumella\/wp-json\/wp\/v2\/comments?post=4959"}],"version-history":[{"count":1,"href":"https:\/\/agora.xtec.cat\/iesacumella\/wp-json\/wp\/v2\/posts\/4959\/revisions"}],"predecessor-version":[{"id":5300,"href":"https:\/\/agora.xtec.cat\/iesacumella\/wp-json\/wp\/v2\/posts\/4959\/revisions\/5300"}],"wp:featuredmedia":[{"embeddable":true,"href":"https:\/\/agora.xtec.cat\/iesacumella\/wp-json\/wp\/v2\/media\/4966"}],"wp:attachment":[{"href":"https:\/\/agora.xtec.cat\/iesacumella\/wp-json\/wp\/v2\/media?parent=4959"}],"wp:term":[{"taxonomy":"category","embeddable":true,"href":"https:\/\/agora.xtec.cat\/iesacumella\/wp-json\/wp\/v2\/categories?post=4959"},{"taxonomy":"post_tag","embeddable":true,"href":"https:\/\/agora.xtec.cat\/iesacumella\/wp-json\/wp\/v2\/tags?post=4959"}],"curies":[{"name":"wp","href":"https:\/\/api.w.org\/{rel}","templated":true}]}}