{"id":4950,"date":"2013-03-29T21:04:23","date_gmt":"2013-03-29T20:04:23","guid":{"rendered":"http:\/\/blog.iesacumella.cat\/?p=508"},"modified":"2013-03-29T21:04:23","modified_gmt":"2013-03-29T20:04:23","slug":"jornada-dastronomia","status":"publish","type":"post","link":"https:\/\/agora.xtec.cat\/iesacumella\/portada\/general\/jornada-dastronomia\/","title":{"rendered":"Jornada d&#8217;Astronomia"},"content":{"rendered":"<p><!--:ca-->El passat divendres dia 22 de Mar\u00e7, a les 19:00 h, es va realitzar una sessi\u00f3 d&#8217;Astronomia dirigida als alumnes de 1r i 2n d&#8217;ESO.<\/p>\n<p>L&#8217;objectiu de l&#8217;observaci\u00f3 va ser la LLuna i J\u00fapiter. La durada de l&#8217;activitat va ser d&#8217;una hora aproximadament. La sessi\u00f3 es realitzar gr\u00e0cies a la col\u00b7laboraci\u00f3 d&#8217;un pare d&#8217;un alumne de 1r d&#8217;ESO que s&#8217;ha ofert a fer diferents sessions d&#8217;introducci\u00f3 a l&#8217;Astronomia.<\/p>\n<p>[gdl_gallery title=&#8221;Astronomia&#8221; width=&#8221;170&#8243; height=&#8221;170&#8243; ]<!--:--><\/p>\n","protected":false},"excerpt":{"rendered":"<p>El passat divendres dia 22 de Mar\u00e7, a les 19:00 h, es va realitzar una sessi\u00f3 d&#8217;Astronomia dirigida als alumnes de 1r i 2n d&#8217;ESO.<br \/>\nL&#8217;objectiu de l&#8217;observaci\u00f3 va ser la LLuna i J\u00fapiter. La durada de l&#8217;activitat va ser d&#8217;una hora aproximadament. La sessi\u00f3 es&hellip;  <a href=\"https:\/\/agora.xtec.cat\/iesacumella\/portada\/general\/jornada-dastronomia\/\" title=\"Read Jornada d&#8217;Astronomia\">Llegeix m\u00e9s\u00bb<\/a><\/p>\n","protected":false},"author":1,"featured_media":515,"comment_status":"closed","ping_status":"closed","sticky":false,"template":"","format":"standard","meta":{"_bbp_topic_count":0,"_bbp_reply_count":0,"_bbp_total_topic_count":0,"_bbp_total_reply_count":0,"_bbp_voice_count":0,"_bbp_anonymous_reply_count":0,"_bbp_topic_count_hidden":0,"_bbp_reply_count_hidden":0,"_bbp_forum_subforum_count":0,"footnotes":""},"categories":[1],"tags":[],"class_list":["post-4950","post","type-post","status-publish","format-standard","has-post-thumbnail","hentry","category-general"],"post_mailing_queue_ids":[],"_links":{"self":[{"href":"https:\/\/agora.xtec.cat\/iesacumella\/wp-json\/wp\/v2\/posts\/4950","targetHints":{"allow":["GET"]}}],"collection":[{"href":"https:\/\/agora.xtec.cat\/iesacumella\/wp-json\/wp\/v2\/posts"}],"about":[{"href":"https:\/\/agora.xtec.cat\/iesacumella\/wp-json\/wp\/v2\/types\/post"}],"author":[{"embeddable":true,"href":"https:\/\/agora.xtec.cat\/iesacumella\/wp-json\/wp\/v2\/users\/1"}],"replies":[{"embeddable":true,"href":"https:\/\/agora.xtec.cat\/iesacumella\/wp-json\/wp\/v2\/comments?post=4950"}],"version-history":[{"count":0,"href":"https:\/\/agora.xtec.cat\/iesacumella\/wp-json\/wp\/v2\/posts\/4950\/revisions"}],"wp:featuredmedia":[{"embeddable":true,"href":"https:\/\/agora.xtec.cat\/iesacumella\/wp-json\/wp\/v2\/media\/515"}],"wp:attachment":[{"href":"https:\/\/agora.xtec.cat\/iesacumella\/wp-json\/wp\/v2\/media?parent=4950"}],"wp:term":[{"taxonomy":"category","embeddable":true,"href":"https:\/\/agora.xtec.cat\/iesacumella\/wp-json\/wp\/v2\/categories?post=4950"},{"taxonomy":"post_tag","embeddable":true,"href":"https:\/\/agora.xtec.cat\/iesacumella\/wp-json\/wp\/v2\/tags?post=4950"}],"curies":[{"name":"wp","href":"https:\/\/api.w.org\/{rel}","templated":true}]}}