{"id":4949,"date":"2013-03-18T12:53:01","date_gmt":"2013-03-18T11:53:01","guid":{"rendered":"http:\/\/blog.iesacumella.cat\/?p=480"},"modified":"2013-03-18T12:53:01","modified_gmt":"2013-03-18T11:53:01","slug":"dia-de-la-dona-treballadora","status":"publish","type":"post","link":"https:\/\/agora.xtec.cat\/iesacumella\/portada\/general\/dia-de-la-dona-treballadora\/","title":{"rendered":"Dia de la Dona Treballadora"},"content":{"rendered":"<p><!--:ca-->Amb motiu del dia de la dona treballadora, l&#8217;Institut A. Cumella va organitzar dues activitats:<br \/>\nUna, per classes, consistent en fer murals sobre dones que han destacat en activitats diverses, cient\u00edfiques, art\u00edstiques, pol\u00edtiques o d&#8217;altres \u00e0mbits. Aquest murals es poden veure exposats a les parets de l&#8217;entrada o dels passadissos.<br \/>\nL&#8217;altra, realitzada el mateix dia 8 de mar\u00e7, va consistir en fer entre tot l&#8217;alumnat un gran lla\u00e7 de color lila al pati. Cada noi o noia duia una cartolina pintada de color lila i entre totes, feien un gran efecte visual.<\/p>\n<p>[gdl_gallery title=&#8221;Dia de la Dona Treballadora&#8221; width=&#8221;170&#8243; height=&#8221;170&#8243; ]<!--:--><\/p>\n","protected":false},"excerpt":{"rendered":"<p>Amb motiu del dia de la dona treballadora, l&#8217;Institut A. Cumella va organitzar dues activitats:<br \/>\nUna, per classes, consistent en fer murals sobre dones que han destacat en activitats diverses, cient\u00edfiques, art\u00edstiques, pol\u00edtiques o d&#8217;altres \u00e0mbits. Aquest murals es poden veure exposats a les parets de&hellip;  <a href=\"https:\/\/agora.xtec.cat\/iesacumella\/portada\/general\/dia-de-la-dona-treballadora\/\" title=\"Read Dia de la Dona Treballadora\">Llegeix m\u00e9s\u00bb<\/a><\/p>\n","protected":false},"author":1,"featured_media":5201,"comment_status":"closed","ping_status":"closed","sticky":false,"template":"","format":"standard","meta":{"_bbp_topic_count":0,"_bbp_reply_count":0,"_bbp_total_topic_count":0,"_bbp_total_reply_count":0,"_bbp_voice_count":0,"_bbp_anonymous_reply_count":0,"_bbp_topic_count_hidden":0,"_bbp_reply_count_hidden":0,"_bbp_forum_subforum_count":0,"footnotes":""},"categories":[1],"tags":[],"class_list":["post-4949","post","type-post","status-publish","format-standard","has-post-thumbnail","hentry","category-general"],"post_mailing_queue_ids":[],"_links":{"self":[{"href":"https:\/\/agora.xtec.cat\/iesacumella\/wp-json\/wp\/v2\/posts\/4949","targetHints":{"allow":["GET"]}}],"collection":[{"href":"https:\/\/agora.xtec.cat\/iesacumella\/wp-json\/wp\/v2\/posts"}],"about":[{"href":"https:\/\/agora.xtec.cat\/iesacumella\/wp-json\/wp\/v2\/types\/post"}],"author":[{"embeddable":true,"href":"https:\/\/agora.xtec.cat\/iesacumella\/wp-json\/wp\/v2\/users\/1"}],"replies":[{"embeddable":true,"href":"https:\/\/agora.xtec.cat\/iesacumella\/wp-json\/wp\/v2\/comments?post=4949"}],"version-history":[{"count":0,"href":"https:\/\/agora.xtec.cat\/iesacumella\/wp-json\/wp\/v2\/posts\/4949\/revisions"}],"wp:featuredmedia":[{"embeddable":true,"href":"https:\/\/agora.xtec.cat\/iesacumella\/wp-json\/wp\/v2\/media\/5201"}],"wp:attachment":[{"href":"https:\/\/agora.xtec.cat\/iesacumella\/wp-json\/wp\/v2\/media?parent=4949"}],"wp:term":[{"taxonomy":"category","embeddable":true,"href":"https:\/\/agora.xtec.cat\/iesacumella\/wp-json\/wp\/v2\/categories?post=4949"},{"taxonomy":"post_tag","embeddable":true,"href":"https:\/\/agora.xtec.cat\/iesacumella\/wp-json\/wp\/v2\/tags?post=4949"}],"curies":[{"name":"wp","href":"https:\/\/api.w.org\/{rel}","templated":true}]}}