{"id":4798,"date":"2018-01-03T16:59:01","date_gmt":"2018-01-03T15:59:01","guid":{"rendered":"http:\/\/blog.iesacumella.cat\/?p=4798"},"modified":"2018-07-16T15:17:02","modified_gmt":"2018-07-16T13:17:02","slug":"street-lesson","status":"publish","type":"post","link":"https:\/\/agora.xtec.cat\/iesacumella\/portada\/street-lesson\/","title":{"rendered":"Street Lesson"},"content":{"rendered":"<div><\/div>\n<div>El passat dia 23 de novembre el nostre alumnat de 3ESO A va fer una classe d&#8217;angl\u00e8s diferent. Com que estem treballant el reciclatge i la protecci\u00f3 del medi ambient i vol\u00edem saber la opini\u00f3 de la gent de Granollers i els seus h\u00e0bits de reciclatge, vam sortir a la Porxada un dia de mercat a preguntar directament als granolleris i granollerines.<\/div>\n<div>\u00a0<a href=\"http:\/\/agora.xtec.cat\/iesacumella\/wp-content\/uploads\/usu1642\/2018\/01\/20171123_130409.jpg\"><br \/>\n<\/a><a href=\"http:\/\/agora.xtec.cat\/iesacumella\/wp-content\/uploads\/usu1642\/2018\/01\/20171123_130542.jpg\"><img loading=\"lazy\" decoding=\"async\" class=\"wp-image-4802 alignleft\" src=\"http:\/\/agora.xtec.cat\/iesacumella\/wp-content\/uploads\/usu1642\/2018\/01\/20171123_130542-300x225.jpg\" alt=\"20171123_130542\" width=\"277\" height=\"208\" srcset=\"https:\/\/agora.xtec.cat\/iesacumella\/wp-content\/uploads\/usu1642\/2018\/01\/20171123_130542-300x225.jpg 300w, https:\/\/agora.xtec.cat\/iesacumella\/wp-content\/uploads\/usu1642\/2018\/01\/20171123_130542-768x576.jpg 768w, https:\/\/agora.xtec.cat\/iesacumella\/wp-content\/uploads\/usu1642\/2018\/01\/20171123_130542-1024x768.jpg 1024w, https:\/\/agora.xtec.cat\/iesacumella\/wp-content\/uploads\/usu1642\/2018\/01\/20171123_130542-200x150.jpg 200w\" sizes=\"auto, (max-width: 277px) 100vw, 277px\" \/><\/a><\/div>\n<div><\/div>\n<div style=\"text-align: left;\"><\/div>\n<div style=\"text-align: left;\"><\/div>\n<div style=\"text-align: left;\"><\/div>\n<div style=\"text-align: left;\">Els vam preguntar si reciclen a casa seva o no, quants contenidors tenen a casa, si porten coses a la deixalleria, si utilitzen els petits centres de reciclatge que tenim als carrers, etc.<\/div>\n<div style=\"text-align: left;\"><\/div>\n<div style=\"text-align: left;\"><\/div>\n<div style=\"text-align: left;\"><\/div>\n<div style=\"text-align: left;\"><\/div>\n<div style=\"text-align: left;\"><a href=\"http:\/\/agora.xtec.cat\/iesacumella\/wp-content\/uploads\/usu1642\/2018\/01\/20171123_130409.jpg\"><img loading=\"lazy\" decoding=\"async\" class=\" wp-image-4800 alignright\" src=\"http:\/\/agora.xtec.cat\/iesacumella\/wp-content\/uploads\/usu1642\/2018\/01\/20171123_130409-300x225.jpg\" alt=\"20171123_130409\" width=\"279\" height=\"209\" srcset=\"https:\/\/agora.xtec.cat\/iesacumella\/wp-content\/uploads\/usu1642\/2018\/01\/20171123_130409-300x225.jpg 300w, https:\/\/agora.xtec.cat\/iesacumella\/wp-content\/uploads\/usu1642\/2018\/01\/20171123_130409-768x576.jpg 768w, https:\/\/agora.xtec.cat\/iesacumella\/wp-content\/uploads\/usu1642\/2018\/01\/20171123_130409-1024x768.jpg 1024w, https:\/\/agora.xtec.cat\/iesacumella\/wp-content\/uploads\/usu1642\/2018\/01\/20171123_130409-200x150.jpg 200w\" sizes=\"auto, (max-width: 279px) 100vw, 279px\" \/><\/a><\/div>\n<div style=\"text-align: left;\"><\/div>\n<div><\/div>\n<div>Va ser una experi\u00e8ncia positiva, divertida i molt enriquidora ja que ens va permetre con\u00e8ixer de primera m\u00e0 (i en angl\u00e8s!) com porten el tema del reciclatge un grapat de ciutadans\/es de Granollers!<\/div>\n<div class=\"yj6qo\"><\/div>\n","protected":false},"excerpt":{"rendered":"<p>El passat dia 23 de novembre el nostre alumnat de 3ESO A va fer una classe d&#8217;angl\u00e8s diferent. Com que estem treballant el reciclatge i la protecci\u00f3 del medi ambient i vol\u00edem saber la opini\u00f3 de la gent de Granollers i els seus h\u00e0bits de&hellip;  <a href=\"https:\/\/agora.xtec.cat\/iesacumella\/portada\/street-lesson\/\" title=\"Read Street Lesson\">Llegeix m\u00e9s\u00bb<\/a><\/p>\n","protected":false},"author":1,"featured_media":0,"comment_status":"closed","ping_status":"closed","sticky":false,"template":"","format":"standard","meta":{"_bbp_topic_count":0,"_bbp_reply_count":0,"_bbp_total_topic_count":0,"_bbp_total_reply_count":0,"_bbp_voice_count":0,"_bbp_anonymous_reply_count":0,"_bbp_topic_count_hidden":0,"_bbp_reply_count_hidden":0,"_bbp_forum_subforum_count":0,"footnotes":""},"categories":[29],"tags":[],"class_list":["post-4798","post","type-post","status-publish","format-standard","hentry","category-portada"],"post_mailing_queue_ids":[],"_links":{"self":[{"href":"https:\/\/agora.xtec.cat\/iesacumella\/wp-json\/wp\/v2\/posts\/4798","targetHints":{"allow":["GET"]}}],"collection":[{"href":"https:\/\/agora.xtec.cat\/iesacumella\/wp-json\/wp\/v2\/posts"}],"about":[{"href":"https:\/\/agora.xtec.cat\/iesacumella\/wp-json\/wp\/v2\/types\/post"}],"author":[{"embeddable":true,"href":"https:\/\/agora.xtec.cat\/iesacumella\/wp-json\/wp\/v2\/users\/1"}],"replies":[{"embeddable":true,"href":"https:\/\/agora.xtec.cat\/iesacumella\/wp-json\/wp\/v2\/comments?post=4798"}],"version-history":[{"count":1,"href":"https:\/\/agora.xtec.cat\/iesacumella\/wp-json\/wp\/v2\/posts\/4798\/revisions"}],"predecessor-version":[{"id":5844,"href":"https:\/\/agora.xtec.cat\/iesacumella\/wp-json\/wp\/v2\/posts\/4798\/revisions\/5844"}],"wp:attachment":[{"href":"https:\/\/agora.xtec.cat\/iesacumella\/wp-json\/wp\/v2\/media?parent=4798"}],"wp:term":[{"taxonomy":"category","embeddable":true,"href":"https:\/\/agora.xtec.cat\/iesacumella\/wp-json\/wp\/v2\/categories?post=4798"},{"taxonomy":"post_tag","embeddable":true,"href":"https:\/\/agora.xtec.cat\/iesacumella\/wp-json\/wp\/v2\/tags?post=4798"}],"curies":[{"name":"wp","href":"https:\/\/api.w.org\/{rel}","templated":true}]}}