{"id":4790,"date":"2017-12-31T10:35:40","date_gmt":"2017-12-31T09:35:40","guid":{"rendered":"http:\/\/blog.iesacumella.cat\/?p=4790"},"modified":"2018-07-16T15:17:02","modified_gmt":"2018-07-16T13:17:02","slug":"visita-biblioteca-roca-umbert","status":"publish","type":"post","link":"https:\/\/agora.xtec.cat\/iesacumella\/portada\/visita-biblioteca-roca-umbert\/","title":{"rendered":"Visita a Biblioteca Roca Umbert"},"content":{"rendered":"<p>El passat divendres dia 15 de desembre els alumnes de PIM i la USEE vam realitzar una activitat a la biblioteca Roca Umbert de Granollers, per a treballar el foment de la lectura.<\/p>\n<p><a href=\"http:\/\/agora.xtec.cat\/iesacumella\/wp-content\/uploads\/usu1642\/2017\/12\/IMG-3498-N\u00faria-Molins-Juli\u00e0.jpg\"><img loading=\"lazy\" decoding=\"async\" class=\"size-medium wp-image-4793 alignleft\" src=\"http:\/\/agora.xtec.cat\/iesacumella\/wp-content\/uploads\/usu1642\/2017\/12\/IMG-3498-N\u00faria-Molins-Juli\u00e0-300x225.jpg\" alt=\"IMG-3498 - N\u00faria Molins Juli\u00e0\" width=\"300\" height=\"225\" srcset=\"https:\/\/agora.xtec.cat\/iesacumella\/wp-content\/uploads\/usu1642\/2017\/12\/IMG-3498-N\u00faria-Molins-Juli\u00e0-300x225.jpg 300w, https:\/\/agora.xtec.cat\/iesacumella\/wp-content\/uploads\/usu1642\/2017\/12\/IMG-3498-N\u00faria-Molins-Juli\u00e0-768x576.jpg 768w, https:\/\/agora.xtec.cat\/iesacumella\/wp-content\/uploads\/usu1642\/2017\/12\/IMG-3498-N\u00faria-Molins-Juli\u00e0-1024x768.jpg 1024w, https:\/\/agora.xtec.cat\/iesacumella\/wp-content\/uploads\/usu1642\/2017\/12\/IMG-3498-N\u00faria-Molins-Juli\u00e0-200x150.jpg 200w\" sizes=\"auto, (max-width: 300px) 100vw, 300px\" \/><\/a><\/p>\n<p>L\u2019activitat va consistir en una aexplicaci\u00f3 per part de la bibliotecaria dels diferents tipus de g\u00e8neres i les \u00faltimes novetats liter\u00e0ries.<\/p>\n<p>&nbsp;<\/p>\n<p>&nbsp;<\/p>\n<p>&nbsp;<\/p>\n<p style=\"text-align: left;\"><a href=\"http:\/\/agora.xtec.cat\/iesacumella\/wp-content\/uploads\/usu1642\/2017\/12\/IMG-3489-N\u00faria-Molins-Juli\u00e0.jpg\"><img loading=\"lazy\" decoding=\"async\" class=\" wp-image-4792 alignright\" src=\"http:\/\/agora.xtec.cat\/iesacumella\/wp-content\/uploads\/usu1642\/2017\/12\/IMG-3489-N\u00faria-Molins-Juli\u00e0-300x225.jpg\" alt=\"IMG-3489 - N\u00faria Molins Juli\u00e0\" width=\"287\" height=\"215\" srcset=\"https:\/\/agora.xtec.cat\/iesacumella\/wp-content\/uploads\/usu1642\/2017\/12\/IMG-3489-N\u00faria-Molins-Juli\u00e0-300x225.jpg 300w, https:\/\/agora.xtec.cat\/iesacumella\/wp-content\/uploads\/usu1642\/2017\/12\/IMG-3489-N\u00faria-Molins-Juli\u00e0-768x576.jpg 768w, https:\/\/agora.xtec.cat\/iesacumella\/wp-content\/uploads\/usu1642\/2017\/12\/IMG-3489-N\u00faria-Molins-Juli\u00e0-1024x768.jpg 1024w, https:\/\/agora.xtec.cat\/iesacumella\/wp-content\/uploads\/usu1642\/2017\/12\/IMG-3489-N\u00faria-Molins-Juli\u00e0-200x150.jpg 200w\" sizes=\"auto, (max-width: 287px) 100vw, 287px\" \/><\/a><\/p>\n<p style=\"text-align: left;\">La valoraci\u00f3 per part dels alumnes de l\u2019activitat va ser molt\u00a0positiva i plantagem repetir-la de cara al pr\u00f2xims dos trimestres.<\/p>\n<p>&nbsp;<\/p>\n<p>&nbsp;<\/p>\n","protected":false},"excerpt":{"rendered":"<p>El passat divendres dia 15 de desembre els alumnes de PIM i la USEE vam realitzar una activitat a la biblioteca Roca Umbert de Granollers, per a treballar el foment de la lectura.<br \/>\n<a href=\"http:\/\/agora.xtec.cat\/iesacumella\/wp-content\/uploads\/usu1642\/2017\/12\/IMG-3498-N\u00faria-Molins-Juli\u00e0.jpg\"><\/a><br \/>\nL\u2019activitat va consistir en una aexplicaci\u00f3 per part de la bibliotecaria dels&hellip;  <a href=\"https:\/\/agora.xtec.cat\/iesacumella\/portada\/visita-biblioteca-roca-umbert\/\" title=\"Read Visita a Biblioteca Roca Umbert\">Llegeix m\u00e9s\u00bb<\/a><\/p>\n","protected":false},"author":1,"featured_media":0,"comment_status":"closed","ping_status":"closed","sticky":false,"template":"","format":"standard","meta":{"_bbp_topic_count":0,"_bbp_reply_count":0,"_bbp_total_topic_count":0,"_bbp_total_reply_count":0,"_bbp_voice_count":0,"_bbp_anonymous_reply_count":0,"_bbp_topic_count_hidden":0,"_bbp_reply_count_hidden":0,"_bbp_forum_subforum_count":0,"footnotes":""},"categories":[29],"tags":[],"class_list":["post-4790","post","type-post","status-publish","format-standard","hentry","category-portada"],"post_mailing_queue_ids":[],"_links":{"self":[{"href":"https:\/\/agora.xtec.cat\/iesacumella\/wp-json\/wp\/v2\/posts\/4790","targetHints":{"allow":["GET"]}}],"collection":[{"href":"https:\/\/agora.xtec.cat\/iesacumella\/wp-json\/wp\/v2\/posts"}],"about":[{"href":"https:\/\/agora.xtec.cat\/iesacumella\/wp-json\/wp\/v2\/types\/post"}],"author":[{"embeddable":true,"href":"https:\/\/agora.xtec.cat\/iesacumella\/wp-json\/wp\/v2\/users\/1"}],"replies":[{"embeddable":true,"href":"https:\/\/agora.xtec.cat\/iesacumella\/wp-json\/wp\/v2\/comments?post=4790"}],"version-history":[{"count":1,"href":"https:\/\/agora.xtec.cat\/iesacumella\/wp-json\/wp\/v2\/posts\/4790\/revisions"}],"predecessor-version":[{"id":5845,"href":"https:\/\/agora.xtec.cat\/iesacumella\/wp-json\/wp\/v2\/posts\/4790\/revisions\/5845"}],"wp:attachment":[{"href":"https:\/\/agora.xtec.cat\/iesacumella\/wp-json\/wp\/v2\/media?parent=4790"}],"wp:term":[{"taxonomy":"category","embeddable":true,"href":"https:\/\/agora.xtec.cat\/iesacumella\/wp-json\/wp\/v2\/categories?post=4790"},{"taxonomy":"post_tag","embeddable":true,"href":"https:\/\/agora.xtec.cat\/iesacumella\/wp-json\/wp\/v2\/tags?post=4790"}],"curies":[{"name":"wp","href":"https:\/\/api.w.org\/{rel}","templated":true}]}}