{"id":4777,"date":"2017-12-31T08:33:26","date_gmt":"2017-12-31T07:33:26","guid":{"rendered":"http:\/\/blog.iesacumella.cat\/?p=4777"},"modified":"2018-07-16T15:17:02","modified_gmt":"2018-07-16T13:17:02","slug":"tocats-de-literatura","status":"publish","type":"post","link":"https:\/\/agora.xtec.cat\/iesacumella\/portada\/tocats-de-literatura\/","title":{"rendered":"TOCATS DE LITERATURA"},"content":{"rendered":"<p>Els alumnes de Literatura Catalana de modalitat de 2n de batxillerat van anar\u00a0a la UAB \u00a0(15\/12\/2017)a gaudir d\u00b4uns tallers de literatura organitzats pel Departament de Filologia de la Facultat de Filosofia i Lletres.<\/p>\n<p><a href=\"http:\/\/agora.xtec.cat\/iesacumella\/wp-content\/uploads\/usu1642\/2017\/12\/IMG-0556-C\u00e8lia-Sevilla-Rodr\u00edguez-e1514705455206.jpg\"><img loading=\"lazy\" decoding=\"async\" class=\"aligncenter wp-image-4780 size-medium\" src=\"http:\/\/agora.xtec.cat\/iesacumella\/wp-content\/uploads\/usu1642\/2017\/12\/IMG-0556-C\u00e8lia-Sevilla-Rodr\u00edguez-e1514705455206-225x300.jpg\" alt=\"IMG-0556 - C\u00e8lia Sevilla Rodr\u00edguez\" width=\"225\" height=\"300\" srcset=\"https:\/\/agora.xtec.cat\/iesacumella\/wp-content\/uploads\/usu1642\/2017\/12\/IMG-0556-C\u00e8lia-Sevilla-Rodr\u00edguez-e1514705455206-225x300.jpg 225w, https:\/\/agora.xtec.cat\/iesacumella\/wp-content\/uploads\/usu1642\/2017\/12\/IMG-0556-C\u00e8lia-Sevilla-Rodr\u00edguez-e1514705455206-768x1024.jpg 768w\" sizes=\"auto, (max-width: 225px) 100vw, 225px\" \/><\/a><\/p>\n<p>A les 9:00 han rebut l\u00b4acreditaci\u00f3 que els permetia accedir-hi i mitja hora despr\u00e9s a l\u00b4Auditori de Lletres han assistit a la Sessi\u00f3 Plen\u00e0ria &#8220;Per qu\u00e8 Literatura&#8221; a c\u00e0rrec de Jaume Aulet i Antoni Dalmases.<\/p>\n<p><a href=\"http:\/\/agora.xtec.cat\/iesacumella\/wp-content\/uploads\/usu1642\/2017\/12\/IMG-0561-C\u00e8lia-Sevilla-Rodr\u00edguez.jpg\"><img loading=\"lazy\" decoding=\"async\" class=\"aligncenter size-medium wp-image-4782\" src=\"http:\/\/agora.xtec.cat\/iesacumella\/wp-content\/uploads\/usu1642\/2017\/12\/IMG-0561-C\u00e8lia-Sevilla-Rodr\u00edguez-300x225.jpg\" alt=\"IMG-0561 - C\u00e8lia Sevilla Rodr\u00edguez\" width=\"300\" height=\"225\" srcset=\"https:\/\/agora.xtec.cat\/iesacumella\/wp-content\/uploads\/usu1642\/2017\/12\/IMG-0561-C\u00e8lia-Sevilla-Rodr\u00edguez-300x225.jpg 300w, https:\/\/agora.xtec.cat\/iesacumella\/wp-content\/uploads\/usu1642\/2017\/12\/IMG-0561-C\u00e8lia-Sevilla-Rodr\u00edguez-768x576.jpg 768w, https:\/\/agora.xtec.cat\/iesacumella\/wp-content\/uploads\/usu1642\/2017\/12\/IMG-0561-C\u00e8lia-Sevilla-Rodr\u00edguez-1024x768.jpg 1024w, https:\/\/agora.xtec.cat\/iesacumella\/wp-content\/uploads\/usu1642\/2017\/12\/IMG-0561-C\u00e8lia-Sevilla-Rodr\u00edguez-200x150.jpg 200w\" sizes=\"auto, (max-width: 300px) 100vw, 300px\" \/><\/a><\/p>\n<p>Despr\u00e9s d\u00b4una breu pausa a la cantina del centre i un bon caf\u00e8 per a despertar cossos i ments s\u00b4han distribu\u00eft pel primer bloc de tallers. A continuaci\u00f3 han gaudit d\u00b4un segon torn.<\/p>\n<p>Els tallers han estat molt variats: teatre, narrativa, rap, gloses, publicitat,etc. Per qu\u00e8 literatura? per qu\u00e8 \u00e9s vida i quan amb la vida no n\u00b4hi ha prou un bon llibre sempre ajuda.<\/p>\n<p><a href=\"http:\/\/agora.xtec.cat\/iesacumella\/wp-content\/uploads\/usu1642\/2017\/12\/IMG-0548-C\u00e8lia-Sevilla-Rodr\u00edguez.jpg\"><img loading=\"lazy\" decoding=\"async\" class=\"aligncenter size-medium wp-image-4779\" src=\"http:\/\/agora.xtec.cat\/iesacumella\/wp-content\/uploads\/usu1642\/2017\/12\/IMG-0548-C\u00e8lia-Sevilla-Rodr\u00edguez-300x225.jpg\" alt=\"IMG-0548 - C\u00e8lia Sevilla Rodr\u00edguez\" width=\"300\" height=\"225\" srcset=\"https:\/\/agora.xtec.cat\/iesacumella\/wp-content\/uploads\/usu1642\/2017\/12\/IMG-0548-C\u00e8lia-Sevilla-Rodr\u00edguez-300x225.jpg 300w, https:\/\/agora.xtec.cat\/iesacumella\/wp-content\/uploads\/usu1642\/2017\/12\/IMG-0548-C\u00e8lia-Sevilla-Rodr\u00edguez-768x576.jpg 768w, https:\/\/agora.xtec.cat\/iesacumella\/wp-content\/uploads\/usu1642\/2017\/12\/IMG-0548-C\u00e8lia-Sevilla-Rodr\u00edguez-1024x768.jpg 1024w, https:\/\/agora.xtec.cat\/iesacumella\/wp-content\/uploads\/usu1642\/2017\/12\/IMG-0548-C\u00e8lia-Sevilla-Rodr\u00edguez-200x150.jpg 200w\" sizes=\"auto, (max-width: 300px) 100vw, 300px\" \/><\/a><\/p>\n<p>Recordeu: La llibertat \u00e9s una llibreria.(Joan Margarit).<\/p>\n","protected":false},"excerpt":{"rendered":"<p>Els alumnes de Literatura Catalana de modalitat de 2n de batxillerat van anar\u00a0a la UAB \u00a0(15\/12\/2017)a gaudir d\u00b4uns tallers de literatura organitzats pel Departament de Filologia de la Facultat de Filosofia i Lletres.<br \/>\n<a href=\"http:\/\/agora.xtec.cat\/iesacumella\/wp-content\/uploads\/usu1642\/2017\/12\/IMG-0556-C\u00e8lia-Sevilla-Rodr\u00edguez-e1514705455206.jpg\"><\/a><br \/>\nA les 9:00 han rebut l\u00b4acreditaci\u00f3 que els permetia accedir-hi i mitja&hellip;  <a href=\"https:\/\/agora.xtec.cat\/iesacumella\/portada\/tocats-de-literatura\/\" title=\"Read TOCATS DE LITERATURA\">Llegeix m\u00e9s\u00bb<\/a><\/p>\n","protected":false},"author":1,"featured_media":0,"comment_status":"closed","ping_status":"closed","sticky":false,"template":"","format":"standard","meta":{"_bbp_topic_count":0,"_bbp_reply_count":0,"_bbp_total_topic_count":0,"_bbp_total_reply_count":0,"_bbp_voice_count":0,"_bbp_anonymous_reply_count":0,"_bbp_topic_count_hidden":0,"_bbp_reply_count_hidden":0,"_bbp_forum_subforum_count":0,"footnotes":""},"categories":[29],"tags":[],"class_list":["post-4777","post","type-post","status-publish","format-standard","hentry","category-portada"],"post_mailing_queue_ids":[],"_links":{"self":[{"href":"https:\/\/agora.xtec.cat\/iesacumella\/wp-json\/wp\/v2\/posts\/4777","targetHints":{"allow":["GET"]}}],"collection":[{"href":"https:\/\/agora.xtec.cat\/iesacumella\/wp-json\/wp\/v2\/posts"}],"about":[{"href":"https:\/\/agora.xtec.cat\/iesacumella\/wp-json\/wp\/v2\/types\/post"}],"author":[{"embeddable":true,"href":"https:\/\/agora.xtec.cat\/iesacumella\/wp-json\/wp\/v2\/users\/1"}],"replies":[{"embeddable":true,"href":"https:\/\/agora.xtec.cat\/iesacumella\/wp-json\/wp\/v2\/comments?post=4777"}],"version-history":[{"count":1,"href":"https:\/\/agora.xtec.cat\/iesacumella\/wp-json\/wp\/v2\/posts\/4777\/revisions"}],"predecessor-version":[{"id":5846,"href":"https:\/\/agora.xtec.cat\/iesacumella\/wp-json\/wp\/v2\/posts\/4777\/revisions\/5846"}],"wp:attachment":[{"href":"https:\/\/agora.xtec.cat\/iesacumella\/wp-json\/wp\/v2\/media?parent=4777"}],"wp:term":[{"taxonomy":"category","embeddable":true,"href":"https:\/\/agora.xtec.cat\/iesacumella\/wp-json\/wp\/v2\/categories?post=4777"},{"taxonomy":"post_tag","embeddable":true,"href":"https:\/\/agora.xtec.cat\/iesacumella\/wp-json\/wp\/v2\/tags?post=4777"}],"curies":[{"name":"wp","href":"https:\/\/api.w.org\/{rel}","templated":true}]}}