{"id":4755,"date":"2017-12-26T08:44:01","date_gmt":"2017-12-26T07:44:01","guid":{"rendered":"http:\/\/blog.iesacumella.cat\/?p=4755"},"modified":"2018-07-16T15:17:02","modified_gmt":"2018-07-16T13:17:02","slug":"visita-servei-microscopia-uab","status":"publish","type":"post","link":"https:\/\/agora.xtec.cat\/iesacumella\/portada\/visita-servei-microscopia-uab\/","title":{"rendered":"VISITA AL SERVEI DE MICROSC\u00d2PIA UAB"},"content":{"rendered":"<p>El passat dia 4 de desembre, els alumnes de Biologia de 1r i 2n de batxillerat van realitzar una visita guiada al Servei de Microsc\u00f2pia de la Universitat Aut\u00f2noma de Barcelona on es van familiaritzar amb les aplicacions i l\u2019\u00fas del Microscopi Electr\u00f2nic de Transmissi\u00f3 (TEM) i el Microscopi Electr\u00f2nic de Rastreig (SEM)<\/p>\n<p><a href=\"http:\/\/agora.xtec.cat\/iesacumella\/wp-content\/uploads\/usu1642\/2017\/12\/TEM-Pilar-Monterde-Costa-1.png\"><img loading=\"lazy\" decoding=\"async\" class=\" wp-image-4787 alignleft\" src=\"http:\/\/agora.xtec.cat\/iesacumella\/wp-content\/uploads\/usu1642\/2017\/12\/TEM-Pilar-Monterde-Costa-1-225x300.png\" alt=\"TEM - Pilar Monterde Costa\" width=\"204\" height=\"272\" srcset=\"https:\/\/agora.xtec.cat\/iesacumella\/wp-content\/uploads\/usu1642\/2017\/12\/TEM-Pilar-Monterde-Costa-1-225x300.png 225w, https:\/\/agora.xtec.cat\/iesacumella\/wp-content\/uploads\/usu1642\/2017\/12\/TEM-Pilar-Monterde-Costa-1-768x1024.png 768w\" sizes=\"auto, (max-width: 204px) 100vw, 204px\" \/><\/a><a href=\"http:\/\/agora.xtec.cat\/iesacumella\/wp-content\/uploads\/usu1642\/2017\/12\/Mitochondria-TEM-Pilar-Monterde-Costa.jpg\"><br \/>\n<img loading=\"lazy\" decoding=\"async\" class=\" wp-image-4761 alignright\" src=\"http:\/\/agora.xtec.cat\/iesacumella\/wp-content\/uploads\/usu1642\/2017\/12\/Mitochondria-TEM-Pilar-Monterde-Costa-300x204.jpg\" alt=\"Mitochondria-TEM - Pilar Monterde Costa\" width=\"340\" height=\"231\" srcset=\"https:\/\/agora.xtec.cat\/iesacumella\/wp-content\/uploads\/usu1642\/2017\/12\/Mitochondria-TEM-Pilar-Monterde-Costa-300x204.jpg 300w, https:\/\/agora.xtec.cat\/iesacumella\/wp-content\/uploads\/usu1642\/2017\/12\/Mitochondria-TEM-Pilar-Monterde-Costa.jpg 473w\" sizes=\"auto, (max-width: 340px) 100vw, 340px\" \/><\/a><\/p>\n<p>&nbsp;<\/p>\n<p>&nbsp;<\/p>\n<p>&nbsp;<\/p>\n<p>&nbsp;<\/p>\n<p>&nbsp;<\/p>\n<p>&nbsp;<\/p>\n<p>&nbsp;<\/p>\n<p>Posteriorment, van explicar les metodologies per preparar les mostres i els alumnes van tenir el privilegi de posar-se davant de diferents microscopis on van observar diverses mostres.<\/p>\n<p><a href=\"http:\/\/agora.xtec.cat\/iesacumella\/wp-content\/uploads\/usu1642\/2017\/12\/SEM-Pilar-Monterde-Costa.jpg\"><img loading=\"lazy\" decoding=\"async\" class=\" wp-image-4762 alignleft\" src=\"http:\/\/agora.xtec.cat\/iesacumella\/wp-content\/uploads\/usu1642\/2017\/12\/SEM-Pilar-Monterde-Costa-300x225.jpg\" alt=\"SEM - Pilar Monterde Costa\" width=\"277\" height=\"208\" srcset=\"https:\/\/agora.xtec.cat\/iesacumella\/wp-content\/uploads\/usu1642\/2017\/12\/SEM-Pilar-Monterde-Costa-300x225.jpg 300w, https:\/\/agora.xtec.cat\/iesacumella\/wp-content\/uploads\/usu1642\/2017\/12\/SEM-Pilar-Monterde-Costa-200x150.jpg 200w, https:\/\/agora.xtec.cat\/iesacumella\/wp-content\/uploads\/usu1642\/2017\/12\/SEM-Pilar-Monterde-Costa.jpg 490w\" sizes=\"auto, (max-width: 277px) 100vw, 277px\" \/><\/a><\/p>\n<p><a href=\"http:\/\/agora.xtec.cat\/iesacumella\/wp-content\/uploads\/usu1642\/2017\/12\/Fly-eye-SEM-Pilar-Monterde-Costa.jpg\"><img loading=\"lazy\" decoding=\"async\" class=\"alignright wp-image-4763\" src=\"http:\/\/agora.xtec.cat\/iesacumella\/wp-content\/uploads\/usu1642\/2017\/12\/Fly-eye-SEM-Pilar-Monterde-Costa-300x253.jpg\" alt=\"Fly eye-SEM - Pilar Monterde Costa\" width=\"253\" height=\"213\" srcset=\"https:\/\/agora.xtec.cat\/iesacumella\/wp-content\/uploads\/usu1642\/2017\/12\/Fly-eye-SEM-Pilar-Monterde-Costa-300x253.jpg 300w, https:\/\/agora.xtec.cat\/iesacumella\/wp-content\/uploads\/usu1642\/2017\/12\/Fly-eye-SEM-Pilar-Monterde-Costa.jpg 640w\" sizes=\"auto, (max-width: 253px) 100vw, 253px\" \/><\/a><\/p>\n<p>&nbsp;<\/p>\n<p>&nbsp;<\/p>\n<p>&nbsp;<\/p>\n<p>&nbsp;<\/p>\n<p>&nbsp;<\/p>\n<p>&nbsp;<\/p>\n<p>Durant la visita, primer els van explicar els fonaments b\u00e0sics de les diferents microsc\u00f2pies i les seves aplicacions a l&#8217;aula del Servei.<\/p>\n<p><a href=\"http:\/\/agora.xtec.cat\/iesacumella\/wp-content\/uploads\/usu1642\/2017\/12\/UAB-Facultat-de-Ci\u00e8ncies-Pilar-Monterde-Costa.jpg\"><img loading=\"lazy\" decoding=\"async\" class=\"aligncenter size-medium wp-image-4764\" src=\"http:\/\/agora.xtec.cat\/iesacumella\/wp-content\/uploads\/usu1642\/2017\/12\/UAB-Facultat-de-Ci\u00e8ncies-Pilar-Monterde-Costa-300x169.jpg\" alt=\"UAB-Facultat de Ci\u00e8ncies - Pilar Monterde Costa\" width=\"300\" height=\"169\" srcset=\"https:\/\/agora.xtec.cat\/iesacumella\/wp-content\/uploads\/usu1642\/2017\/12\/UAB-Facultat-de-Ci\u00e8ncies-Pilar-Monterde-Costa-300x169.jpg 300w, https:\/\/agora.xtec.cat\/iesacumella\/wp-content\/uploads\/usu1642\/2017\/12\/UAB-Facultat-de-Ci\u00e8ncies-Pilar-Monterde-Costa-768x432.jpg 768w, https:\/\/agora.xtec.cat\/iesacumella\/wp-content\/uploads\/usu1642\/2017\/12\/UAB-Facultat-de-Ci\u00e8ncies-Pilar-Monterde-Costa-1024x576.jpg 1024w\" sizes=\"auto, (max-width: 300px) 100vw, 300px\" \/><\/a><\/p>\n","protected":false},"excerpt":{"rendered":"<p>El passat dia 4 de desembre, els alumnes de Biologia de 1r i 2n de batxillerat van realitzar una visita guiada al Servei de Microsc\u00f2pia de la Universitat Aut\u00f2noma de Barcelona on es van familiaritzar amb les aplicacions i l\u2019\u00fas del Microscopi Electr\u00f2nic de Transmissi\u00f3&hellip;  <a href=\"https:\/\/agora.xtec.cat\/iesacumella\/portada\/visita-servei-microscopia-uab\/\" title=\"Read VISITA AL SERVEI DE MICROSC\u00d2PIA UAB\">Llegeix m\u00e9s\u00bb<\/a><\/p>\n","protected":false},"author":1,"featured_media":0,"comment_status":"closed","ping_status":"closed","sticky":false,"template":"","format":"standard","meta":{"_bbp_topic_count":0,"_bbp_reply_count":0,"_bbp_total_topic_count":0,"_bbp_total_reply_count":0,"_bbp_voice_count":0,"_bbp_anonymous_reply_count":0,"_bbp_topic_count_hidden":0,"_bbp_reply_count_hidden":0,"_bbp_forum_subforum_count":0,"footnotes":""},"categories":[29],"tags":[],"class_list":["post-4755","post","type-post","status-publish","format-standard","hentry","category-portada"],"post_mailing_queue_ids":[],"_links":{"self":[{"href":"https:\/\/agora.xtec.cat\/iesacumella\/wp-json\/wp\/v2\/posts\/4755","targetHints":{"allow":["GET"]}}],"collection":[{"href":"https:\/\/agora.xtec.cat\/iesacumella\/wp-json\/wp\/v2\/posts"}],"about":[{"href":"https:\/\/agora.xtec.cat\/iesacumella\/wp-json\/wp\/v2\/types\/post"}],"author":[{"embeddable":true,"href":"https:\/\/agora.xtec.cat\/iesacumella\/wp-json\/wp\/v2\/users\/1"}],"replies":[{"embeddable":true,"href":"https:\/\/agora.xtec.cat\/iesacumella\/wp-json\/wp\/v2\/comments?post=4755"}],"version-history":[{"count":1,"href":"https:\/\/agora.xtec.cat\/iesacumella\/wp-json\/wp\/v2\/posts\/4755\/revisions"}],"predecessor-version":[{"id":5847,"href":"https:\/\/agora.xtec.cat\/iesacumella\/wp-json\/wp\/v2\/posts\/4755\/revisions\/5847"}],"wp:attachment":[{"href":"https:\/\/agora.xtec.cat\/iesacumella\/wp-json\/wp\/v2\/media?parent=4755"}],"wp:term":[{"taxonomy":"category","embeddable":true,"href":"https:\/\/agora.xtec.cat\/iesacumella\/wp-json\/wp\/v2\/categories?post=4755"},{"taxonomy":"post_tag","embeddable":true,"href":"https:\/\/agora.xtec.cat\/iesacumella\/wp-json\/wp\/v2\/tags?post=4755"}],"curies":[{"name":"wp","href":"https:\/\/api.w.org\/{rel}","templated":true}]}}