{"id":4741,"date":"2017-12-19T11:24:51","date_gmt":"2017-12-19T10:24:51","guid":{"rendered":"http:\/\/blog.iesacumella.cat\/?p=4741"},"modified":"2017-12-19T11:24:51","modified_gmt":"2017-12-19T10:24:51","slug":"voluntariat-lectura-lexit-educatiu","status":"publish","type":"post","link":"https:\/\/agora.xtec.cat\/iesacumella\/portada\/general\/voluntariat-lectura-lexit-educatiu\/","title":{"rendered":"VOLUNTARIAT DE LECTURA PER L\u00b4\u00c8XIT EDUCATIU"},"content":{"rendered":"<p class=\"m_-8348340288089339406gmail-normal\"><b><span lang=\"CA\">Aquest any alumnes de 1r de batxillerat de l\u2019INS Antoni Cumella participen en el voluntariat de lectura per a l\u2019\u00e8xit educatiu, LECXIT.<\/span><\/b><\/p>\n<p class=\"m_-8348340288089339406gmail-normal\"><a href=\"http:\/\/agora.xtec.cat\/iesacumella\/wp-content\/uploads\/usu1642\/2017\/12\/daa0f97a5cfc91c09e1b497f107870e5-leather-book-covers-leather-books.jpg\"><img loading=\"lazy\" decoding=\"async\" class=\"aligncenter size-medium wp-image-4742\" src=\"http:\/\/agora.xtec.cat\/iesacumella\/wp-content\/uploads\/usu1642\/2017\/12\/daa0f97a5cfc91c09e1b497f107870e5-leather-book-covers-leather-books-300x225.jpg\" alt=\"daa0f97a5cfc91c09e1b497f107870e5--leather-book-covers-leather-books\" width=\"300\" height=\"225\" srcset=\"https:\/\/agora.xtec.cat\/iesacumella\/wp-content\/uploads\/usu1642\/2017\/12\/daa0f97a5cfc91c09e1b497f107870e5-leather-book-covers-leather-books-300x225.jpg 300w, https:\/\/agora.xtec.cat\/iesacumella\/wp-content\/uploads\/usu1642\/2017\/12\/daa0f97a5cfc91c09e1b497f107870e5-leather-book-covers-leather-books-200x150.jpg 200w, https:\/\/agora.xtec.cat\/iesacumella\/wp-content\/uploads\/usu1642\/2017\/12\/daa0f97a5cfc91c09e1b497f107870e5-leather-book-covers-leather-books.jpg 570w\" sizes=\"auto, (max-width: 300px) 100vw, 300px\" \/><\/a><span lang=\"CA\">Lectura per a l\u2019\u00e8xit educatiu, LECXIT,<b> \u00e9<\/b><\/span><span lang=\"CA\">s un programa organitzat per la Fundaci\u00f3 Jaume Bofill i el Departament d&#8217;Ensenyament (centres educatius i AMPA&#8217;s i Serveis Educatius Vall\u00e8s Oriental). <\/span>D&#8217;altra banda hi participen la biblioteca municipal Roca Umbert (BRU), l&#8217;IES Celest\u00ed Bellera, IES Antoni Cumella\u00a0 i l&#8217;Ajuntament de Granollers. \u00c9s un programa que t\u00e9 per objectiu millorar la comprensi\u00f3 lectora dels infants. L\u2019activitat principal consisteix en un espai de lectura setmanal on\u00a0alumnes de 4t i 5\u00e8 de prim\u00e0ria,\u00a0comparteixen amb voluntaris\/es moments de conversa i de lectura que els ajuden a consolidar els seus aprenentatges i a incrementar les compet\u00e8ncies lectores. El voluntari\/a contribueix a la creaci\u00f3 d\u2019un espai d\u2019entreteniment, confian\u00e7a i comprom\u00eds educatiu amb l\u2019infant.<\/p>\n<p class=\"m_-8348340288089339406gmail-normal\"><b><span lang=\"CA\">\u00a0<\/span><\/b>Les sessions de lectura es fan a la Biblioteca Roca Umbert (BRU) de Granollers, els dijous de\u00a017:15 a 18:15 hores.<\/p>\n<p class=\"m_-8348340288089339406gmail-normal\"><a href=\"http:\/\/agora.xtec.cat\/iesacumella\/wp-content\/uploads\/usu1642\/2017\/12\/1459488322791.jpg\"><img loading=\"lazy\" decoding=\"async\" class=\"aligncenter size-medium wp-image-4743\" src=\"http:\/\/agora.xtec.cat\/iesacumella\/wp-content\/uploads\/usu1642\/2017\/12\/1459488322791-300x224.jpg\" alt=\"1459488322791\" width=\"300\" height=\"224\" srcset=\"https:\/\/agora.xtec.cat\/iesacumella\/wp-content\/uploads\/usu1642\/2017\/12\/1459488322791-300x224.jpg 300w, https:\/\/agora.xtec.cat\/iesacumella\/wp-content\/uploads\/usu1642\/2017\/12\/1459488322791-200x150.jpg 200w, https:\/\/agora.xtec.cat\/iesacumella\/wp-content\/uploads\/usu1642\/2017\/12\/1459488322791.jpg 552w\" sizes=\"auto, (max-width: 300px) 100vw, 300px\" \/><\/a><\/p>\n<p class=\"m_-8348340288089339406gmail-normal\">Moltes gr\u00e0cies per la vostra participaci\u00f3!<\/p>\n","protected":false},"excerpt":{"rendered":"<p>Aquest any alumnes de 1r de batxillerat de l\u2019INS Antoni Cumella participen en el voluntariat de lectura per a l\u2019\u00e8xit educatiu, LECXIT.<br \/>\n<a href=\"http:\/\/agora.xtec.cat\/iesacumella\/wp-content\/uploads\/usu1642\/2017\/12\/daa0f97a5cfc91c09e1b497f107870e5-leather-book-covers-leather-books.jpg\"><\/a>Lectura per a l\u2019\u00e8xit educatiu, LECXIT, \u00e9s un programa organitzat per la Fundaci\u00f3 Jaume Bofill i el Departament d&#8217;Ensenyament (centres educatius i AMPA&#8217;s&hellip;  <a href=\"https:\/\/agora.xtec.cat\/iesacumella\/portada\/general\/voluntariat-lectura-lexit-educatiu\/\" title=\"Read VOLUNTARIAT DE LECTURA PER L\u00b4\u00c8XIT EDUCATIU\">Llegeix m\u00e9s\u00bb<\/a><\/p>\n","protected":false},"author":1,"featured_media":0,"comment_status":"closed","ping_status":"closed","sticky":false,"template":"","format":"standard","meta":{"_bbp_topic_count":0,"_bbp_reply_count":0,"_bbp_total_topic_count":0,"_bbp_total_reply_count":0,"_bbp_voice_count":0,"_bbp_anonymous_reply_count":0,"_bbp_topic_count_hidden":0,"_bbp_reply_count_hidden":0,"_bbp_forum_subforum_count":0,"footnotes":""},"categories":[1],"tags":[],"class_list":["post-4741","post","type-post","status-publish","format-standard","hentry","category-general"],"post_mailing_queue_ids":[],"_links":{"self":[{"href":"https:\/\/agora.xtec.cat\/iesacumella\/wp-json\/wp\/v2\/posts\/4741","targetHints":{"allow":["GET"]}}],"collection":[{"href":"https:\/\/agora.xtec.cat\/iesacumella\/wp-json\/wp\/v2\/posts"}],"about":[{"href":"https:\/\/agora.xtec.cat\/iesacumella\/wp-json\/wp\/v2\/types\/post"}],"author":[{"embeddable":true,"href":"https:\/\/agora.xtec.cat\/iesacumella\/wp-json\/wp\/v2\/users\/1"}],"replies":[{"embeddable":true,"href":"https:\/\/agora.xtec.cat\/iesacumella\/wp-json\/wp\/v2\/comments?post=4741"}],"version-history":[{"count":0,"href":"https:\/\/agora.xtec.cat\/iesacumella\/wp-json\/wp\/v2\/posts\/4741\/revisions"}],"wp:attachment":[{"href":"https:\/\/agora.xtec.cat\/iesacumella\/wp-json\/wp\/v2\/media?parent=4741"}],"wp:term":[{"taxonomy":"category","embeddable":true,"href":"https:\/\/agora.xtec.cat\/iesacumella\/wp-json\/wp\/v2\/categories?post=4741"},{"taxonomy":"post_tag","embeddable":true,"href":"https:\/\/agora.xtec.cat\/iesacumella\/wp-json\/wp\/v2\/tags?post=4741"}],"curies":[{"name":"wp","href":"https:\/\/api.w.org\/{rel}","templated":true}]}}